{"id":1006,"date":"2013-11-16T11:42:01","date_gmt":"2013-11-16T10:42:01","guid":{"rendered":"https:\/\/www.satam.it\/cms\/?p=1006"},"modified":"2013-11-16T11:45:24","modified_gmt":"2013-11-16T10:45:24","slug":"stanziati-da-regione-lombardia-un-milione-di-euro-per-le-auto-ecologiche","status":"publish","type":"post","link":"https:\/\/satam.it\/sito\/stanziati-da-regione-lombardia-un-milione-di-euro-per-le-auto-ecologiche\/","title":{"rendered":"STANZIATI DA REGIONE LOMBARDIA UN MILIONE DI EURO PER LE AUTO ECOLOGICHE."},"content":{"rendered":"<p>15 nov 2013<br \/>\nTaxi, Del Tenno: 1mln rinnovo parco auto<\/p>\n<p>Un milione di euro per rinnovare il parco auto dei taxi lombardi. Lo ha deliberato la Giunta regionale su proposta dell&#8217;Assessore alle Infrastrutture e Mobilit\u00e0 Maurizio Del Tenno al fine di sostituire i veicoli pi\u00f9 vecchi, ridurre le emissioni atmosferiche con un conseguente miglioramento della qualit\u00e0 dell&#8217;aria e per potenziare la sicurezza di chi viaggia sul territorio. AUTO NUOVE, SICUREZZA MAGGIORE &#8211; &#8220;Il provvedimento &#8211; ha spiegato Del Tenno &#8211; rientra nell&#8217;accordo sottoscritto nel mese di agosto con le organizzazioni sindacali di categoria ed \u00e8 un impegno significativo per Regione Lombardia che ritiene fondamentale garantire che il servizio taxi rispetti l&#8217;ambiente e al tempo stesso renda confortevole l&#8217;utilizzo del mezzo. Inoltre, avere vetture nuove significa anche garantire elevati standard di sicurezza&#8221;. GLI INTERVENTI AMMESSI &#8211; Nel dettaglio l&#8217;attribuzione dei finanziamenti regionali \u00e8 previsto per una serie di interventi a partire dall&#8217;acquisto di autovetture di prima immatricolazione (minimo euro 5), a trazione ibrida ricaricabile da rete elettrica o a trazione elettrica. Il contributo regionale sar\u00e0 del 50 per cento del costo di fatturazione al netto dell&#8217;Iva e per un massimo di 15 mila euro. Un contributo del 25 per cento del costo della fatturazione, sempre al netto dell&#8217;Iva, per un massimo di 8 mila euro, \u00e8 previsto per l&#8217;acquisto di autovetture da almeno 7 posti di prima immatricolazione, (almeno euro 5) a trazione ibrida elettrica o alimentate esclusivamente a metano, o con doppia alimentazione benzina\/metano, benzina\/gpl. Sempre del 25 per cento sar\u00e0 il contributo &#8211; per un massimo di 6 mila euro &#8211; per chi acquista autovetture di prima immatricolazione (almeno euro 5), a trazione ibrida elettrica. Il 20 per cento del costo di fatturazione al netto dell&#8217;Iva per un massimo di 5 mila euro sar\u00e0 erogato per autovetture di prima immatricolazione (minimo euro 5), alimentate esclusivamente a metano, o con doppia alimentazione benzina\/metano, benzina\/gpl. Infine un contributo del 75 per cento verr\u00e0 assegnato per la predisposizione delle autovetture taxi a favore dei soggetti portatori di handicap.<\/p>\n","protected":false},"excerpt":{"rendered":"<p>15 nov 2013 Taxi, Del Tenno: 1mln rinnovo parco auto Un milione di euro per rinnovare il parco auto dei taxi lombardi. Lo ha deliberato la Giunta regionale su proposta dell&#8217;Assessore alle Infrastrutture e Mobilit\u00e0 Maurizio Del Tenno al fine di sostituire i veicoli pi\u00f9 vecchi, ridurre le emissioni atmosferiche con un conseguente miglioramento della [&hellip;]<\/p>\n","protected":false},"author":2,"featured_media":0,"comment_status":"closed","ping_status":"closed","sticky":false,"template":"","format":"standard","meta":{"_acf_changed":false,"footnotes":""},"categories":[5],"tags":[53,52,42],"class_list":["post-1006","post","type-post","status-publish","format-standard","hentry","category-news","tag-ecologiche","tag-ibride","tag-regione"],"acf":[],"yoast_head":"<!-- This site is optimized with the Yoast SEO plugin v27.5 - https:\/\/yoast.com\/product\/yoast-seo-wordpress\/ -->\n<title>STANZIATI DA REGIONE LOMBARDIA UN MILIONE DI EURO PER LE AUTO ECOLOGICHE. - Satam<\/title>\n<meta name=\"robots\" content=\"index, follow, max-snippet:-1, max-image-preview:large, max-video-preview:-1\" \/>\n<link rel=\"canonical\" href=\"https:\/\/satam.it\/sito\/stanziati-da-regione-lombardia-un-milione-di-euro-per-le-auto-ecologiche\/\" \/>\n<meta property=\"og:locale\" content=\"it_IT\" \/>\n<meta property=\"og:type\" content=\"article\" \/>\n<meta property=\"og:title\" content=\"STANZIATI DA REGIONE LOMBARDIA UN MILIONE DI EURO PER LE AUTO ECOLOGICHE. - Satam\" \/>\n<meta property=\"og:description\" content=\"15 nov 2013 Taxi, Del Tenno: 1mln rinnovo parco auto Un milione di euro per rinnovare il parco auto dei taxi lombardi. Lo ha deliberato la Giunta regionale su proposta dell&#8217;Assessore alle Infrastrutture e Mobilit\u00e0 Maurizio Del Tenno al fine di sostituire i veicoli pi\u00f9 vecchi, ridurre le emissioni atmosferiche con un conseguente miglioramento della [&hellip;]\" \/>\n<meta property=\"og:url\" content=\"https:\/\/satam.it\/sito\/stanziati-da-regione-lombardia-un-milione-di-euro-per-le-auto-ecologiche\/\" \/>\n<meta property=\"og:site_name\" content=\"Satam\" \/>\n<meta property=\"article:published_time\" content=\"2013-11-16T10:42:01+00:00\" \/>\n<meta property=\"article:modified_time\" content=\"2013-11-16T10:45:24+00:00\" \/>\n<meta name=\"author\" content=\"Emilio Boccalini\" \/>\n<meta name=\"twitter:label1\" content=\"Scritto da\" \/>\n\t<meta name=\"twitter:data1\" content=\"Emilio Boccalini\" \/>\n\t<meta name=\"twitter:label2\" content=\"Tempo di lettura stimato\" \/>\n\t<meta name=\"twitter:data2\" content=\"2 minuti\" \/>\n<script type=\"application\/ld+json\" class=\"yoast-schema-graph\">{\"@context\":\"https:\\\/\\\/schema.org\",\"@graph\":[{\"@type\":\"Article\",\"@id\":\"https:\\\/\\\/satam.it\\\/sito\\\/stanziati-da-regione-lombardia-un-milione-di-euro-per-le-auto-ecologiche\\\/#article\",\"isPartOf\":{\"@id\":\"https:\\\/\\\/satam.it\\\/sito\\\/stanziati-da-regione-lombardia-un-milione-di-euro-per-le-auto-ecologiche\\\/\"},\"author\":{\"name\":\"Emilio Boccalini\",\"@id\":\"https:\\\/\\\/satam.it\\\/sito\\\/#\\\/schema\\\/person\\\/97578874c6a274d321755911562f79a4\"},\"headline\":\"STANZIATI DA REGIONE LOMBARDIA UN MILIONE DI EURO PER LE AUTO ECOLOGICHE.\",\"datePublished\":\"2013-11-16T10:42:01+00:00\",\"dateModified\":\"2013-11-16T10:45:24+00:00\",\"mainEntityOfPage\":{\"@id\":\"https:\\\/\\\/satam.it\\\/sito\\\/stanziati-da-regione-lombardia-un-milione-di-euro-per-le-auto-ecologiche\\\/\"},\"wordCount\":344,\"publisher\":{\"@id\":\"https:\\\/\\\/satam.it\\\/sito\\\/#organization\"},\"keywords\":[\"ecologiche\",\"ibride\",\"regione\"],\"articleSection\":[\"Notizie\"],\"inLanguage\":\"it-IT\"},{\"@type\":\"WebPage\",\"@id\":\"https:\\\/\\\/satam.it\\\/sito\\\/stanziati-da-regione-lombardia-un-milione-di-euro-per-le-auto-ecologiche\\\/\",\"url\":\"https:\\\/\\\/satam.it\\\/sito\\\/stanziati-da-regione-lombardia-un-milione-di-euro-per-le-auto-ecologiche\\\/\",\"name\":\"STANZIATI DA REGIONE LOMBARDIA UN MILIONE DI EURO PER LE AUTO ECOLOGICHE. - Satam\",\"isPartOf\":{\"@id\":\"https:\\\/\\\/satam.it\\\/sito\\\/#website\"},\"datePublished\":\"2013-11-16T10:42:01+00:00\",\"dateModified\":\"2013-11-16T10:45:24+00:00\",\"breadcrumb\":{\"@id\":\"https:\\\/\\\/satam.it\\\/sito\\\/stanziati-da-regione-lombardia-un-milione-di-euro-per-le-auto-ecologiche\\\/#breadcrumb\"},\"inLanguage\":\"it-IT\",\"potentialAction\":[{\"@type\":\"ReadAction\",\"target\":[\"https:\\\/\\\/satam.it\\\/sito\\\/stanziati-da-regione-lombardia-un-milione-di-euro-per-le-auto-ecologiche\\\/\"]}]},{\"@type\":\"BreadcrumbList\",\"@id\":\"https:\\\/\\\/satam.it\\\/sito\\\/stanziati-da-regione-lombardia-un-milione-di-euro-per-le-auto-ecologiche\\\/#breadcrumb\",\"itemListElement\":[{\"@type\":\"ListItem\",\"position\":1,\"name\":\"Home\",\"item\":\"https:\\\/\\\/satam.it\\\/sito\\\/\"},{\"@type\":\"ListItem\",\"position\":2,\"name\":\"STANZIATI DA REGIONE LOMBARDIA UN MILIONE DI EURO PER LE AUTO ECOLOGICHE.\"}]},{\"@type\":\"WebSite\",\"@id\":\"https:\\\/\\\/satam.it\\\/sito\\\/#website\",\"url\":\"https:\\\/\\\/satam.it\\\/sito\\\/\",\"name\":\"Satam\",\"description\":\"CNA\",\"publisher\":{\"@id\":\"https:\\\/\\\/satam.it\\\/sito\\\/#organization\"},\"potentialAction\":[{\"@type\":\"SearchAction\",\"target\":{\"@type\":\"EntryPoint\",\"urlTemplate\":\"https:\\\/\\\/satam.it\\\/sito\\\/?s={search_term_string}\"},\"query-input\":{\"@type\":\"PropertyValueSpecification\",\"valueRequired\":true,\"valueName\":\"search_term_string\"}}],\"inLanguage\":\"it-IT\"},{\"@type\":\"Organization\",\"@id\":\"https:\\\/\\\/satam.it\\\/sito\\\/#organization\",\"name\":\"Satam\",\"url\":\"https:\\\/\\\/satam.it\\\/sito\\\/\",\"logo\":{\"@type\":\"ImageObject\",\"inLanguage\":\"it-IT\",\"@id\":\"https:\\\/\\\/satam.it\\\/sito\\\/#\\\/schema\\\/logo\\\/image\\\/\",\"url\":\"https:\\\/\\\/satam.it\\\/sito\\\/wp-content\\\/uploads\\\/2021\\\/05\\\/satam-servizi.png\",\"contentUrl\":\"https:\\\/\\\/satam.it\\\/sito\\\/wp-content\\\/uploads\\\/2021\\\/05\\\/satam-servizi.png\",\"width\":350,\"height\":128,\"caption\":\"Satam\"},\"image\":{\"@id\":\"https:\\\/\\\/satam.it\\\/sito\\\/#\\\/schema\\\/logo\\\/image\\\/\"}},{\"@type\":\"Person\",\"@id\":\"https:\\\/\\\/satam.it\\\/sito\\\/#\\\/schema\\\/person\\\/97578874c6a274d321755911562f79a4\",\"name\":\"Emilio Boccalini\",\"image\":{\"@type\":\"ImageObject\",\"inLanguage\":\"it-IT\",\"@id\":\"https:\\\/\\\/secure.gravatar.com\\\/avatar\\\/e48b3ba8d0430bfa553762fe3720121cbdaa53f92d12e8e605ecc93ec6b9d744?s=96&d=mm&r=g\",\"url\":\"https:\\\/\\\/secure.gravatar.com\\\/avatar\\\/e48b3ba8d0430bfa553762fe3720121cbdaa53f92d12e8e605ecc93ec6b9d744?s=96&d=mm&r=g\",\"contentUrl\":\"https:\\\/\\\/secure.gravatar.com\\\/avatar\\\/e48b3ba8d0430bfa553762fe3720121cbdaa53f92d12e8e605ecc93ec6b9d744?s=96&d=mm&r=g\",\"caption\":\"Emilio Boccalini\"},\"sameAs\":[\"https:\\\/\\\/www.satam.it\"],\"url\":\"https:\\\/\\\/satam.it\\\/sito\\\/author\\\/emilio-boccalini\\\/\"}]}<\/script>\n<!-- \/ Yoast SEO plugin. -->","yoast_head_json":{"title":"STANZIATI DA REGIONE LOMBARDIA UN MILIONE DI EURO PER LE AUTO ECOLOGICHE. - Satam","robots":{"index":"index","follow":"follow","max-snippet":"max-snippet:-1","max-image-preview":"max-image-preview:large","max-video-preview":"max-video-preview:-1"},"canonical":"https:\/\/satam.it\/sito\/stanziati-da-regione-lombardia-un-milione-di-euro-per-le-auto-ecologiche\/","og_locale":"it_IT","og_type":"article","og_title":"STANZIATI DA REGIONE LOMBARDIA UN MILIONE DI EURO PER LE AUTO ECOLOGICHE. - Satam","og_description":"15 nov 2013 Taxi, Del Tenno: 1mln rinnovo parco auto Un milione di euro per rinnovare il parco auto dei taxi lombardi. Lo ha deliberato la Giunta regionale su proposta dell&#8217;Assessore alle Infrastrutture e Mobilit\u00e0 Maurizio Del Tenno al fine di sostituire i veicoli pi\u00f9 vecchi, ridurre le emissioni atmosferiche con un conseguente miglioramento della [&hellip;]","og_url":"https:\/\/satam.it\/sito\/stanziati-da-regione-lombardia-un-milione-di-euro-per-le-auto-ecologiche\/","og_site_name":"Satam","article_published_time":"2013-11-16T10:42:01+00:00","article_modified_time":"2013-11-16T10:45:24+00:00","author":"Emilio Boccalini","twitter_misc":{"Scritto da":"Emilio Boccalini","Tempo di lettura stimato":"2 minuti"},"schema":{"@context":"https:\/\/schema.org","@graph":[{"@type":"Article","@id":"https:\/\/satam.it\/sito\/stanziati-da-regione-lombardia-un-milione-di-euro-per-le-auto-ecologiche\/#article","isPartOf":{"@id":"https:\/\/satam.it\/sito\/stanziati-da-regione-lombardia-un-milione-di-euro-per-le-auto-ecologiche\/"},"author":{"name":"Emilio Boccalini","@id":"https:\/\/satam.it\/sito\/#\/schema\/person\/97578874c6a274d321755911562f79a4"},"headline":"STANZIATI DA REGIONE LOMBARDIA UN MILIONE DI EURO PER LE AUTO ECOLOGICHE.","datePublished":"2013-11-16T10:42:01+00:00","dateModified":"2013-11-16T10:45:24+00:00","mainEntityOfPage":{"@id":"https:\/\/satam.it\/sito\/stanziati-da-regione-lombardia-un-milione-di-euro-per-le-auto-ecologiche\/"},"wordCount":344,"publisher":{"@id":"https:\/\/satam.it\/sito\/#organization"},"keywords":["ecologiche","ibride","regione"],"articleSection":["Notizie"],"inLanguage":"it-IT"},{"@type":"WebPage","@id":"https:\/\/satam.it\/sito\/stanziati-da-regione-lombardia-un-milione-di-euro-per-le-auto-ecologiche\/","url":"https:\/\/satam.it\/sito\/stanziati-da-regione-lombardia-un-milione-di-euro-per-le-auto-ecologiche\/","name":"STANZIATI DA REGIONE LOMBARDIA UN MILIONE DI EURO PER LE AUTO ECOLOGICHE. - Satam","isPartOf":{"@id":"https:\/\/satam.it\/sito\/#website"},"datePublished":"2013-11-16T10:42:01+00:00","dateModified":"2013-11-16T10:45:24+00:00","breadcrumb":{"@id":"https:\/\/satam.it\/sito\/stanziati-da-regione-lombardia-un-milione-di-euro-per-le-auto-ecologiche\/#breadcrumb"},"inLanguage":"it-IT","potentialAction":[{"@type":"ReadAction","target":["https:\/\/satam.it\/sito\/stanziati-da-regione-lombardia-un-milione-di-euro-per-le-auto-ecologiche\/"]}]},{"@type":"BreadcrumbList","@id":"https:\/\/satam.it\/sito\/stanziati-da-regione-lombardia-un-milione-di-euro-per-le-auto-ecologiche\/#breadcrumb","itemListElement":[{"@type":"ListItem","position":1,"name":"Home","item":"https:\/\/satam.it\/sito\/"},{"@type":"ListItem","position":2,"name":"STANZIATI DA REGIONE LOMBARDIA UN MILIONE DI EURO PER LE AUTO ECOLOGICHE."}]},{"@type":"WebSite","@id":"https:\/\/satam.it\/sito\/#website","url":"https:\/\/satam.it\/sito\/","name":"Satam","description":"CNA","publisher":{"@id":"https:\/\/satam.it\/sito\/#organization"},"potentialAction":[{"@type":"SearchAction","target":{"@type":"EntryPoint","urlTemplate":"https:\/\/satam.it\/sito\/?s={search_term_string}"},"query-input":{"@type":"PropertyValueSpecification","valueRequired":true,"valueName":"search_term_string"}}],"inLanguage":"it-IT"},{"@type":"Organization","@id":"https:\/\/satam.it\/sito\/#organization","name":"Satam","url":"https:\/\/satam.it\/sito\/","logo":{"@type":"ImageObject","inLanguage":"it-IT","@id":"https:\/\/satam.it\/sito\/#\/schema\/logo\/image\/","url":"https:\/\/satam.it\/sito\/wp-content\/uploads\/2021\/05\/satam-servizi.png","contentUrl":"https:\/\/satam.it\/sito\/wp-content\/uploads\/2021\/05\/satam-servizi.png","width":350,"height":128,"caption":"Satam"},"image":{"@id":"https:\/\/satam.it\/sito\/#\/schema\/logo\/image\/"}},{"@type":"Person","@id":"https:\/\/satam.it\/sito\/#\/schema\/person\/97578874c6a274d321755911562f79a4","name":"Emilio Boccalini","image":{"@type":"ImageObject","inLanguage":"it-IT","@id":"https:\/\/secure.gravatar.com\/avatar\/e48b3ba8d0430bfa553762fe3720121cbdaa53f92d12e8e605ecc93ec6b9d744?s=96&d=mm&r=g","url":"https:\/\/secure.gravatar.com\/avatar\/e48b3ba8d0430bfa553762fe3720121cbdaa53f92d12e8e605ecc93ec6b9d744?s=96&d=mm&r=g","contentUrl":"https:\/\/secure.gravatar.com\/avatar\/e48b3ba8d0430bfa553762fe3720121cbdaa53f92d12e8e605ecc93ec6b9d744?s=96&d=mm&r=g","caption":"Emilio Boccalini"},"sameAs":["https:\/\/www.satam.it"],"url":"https:\/\/satam.it\/sito\/author\/emilio-boccalini\/"}]}},"_links":{"self":[{"href":"https:\/\/satam.it\/sito\/wp-json\/wp\/v2\/posts\/1006","targetHints":{"allow":["GET"]}}],"collection":[{"href":"https:\/\/satam.it\/sito\/wp-json\/wp\/v2\/posts"}],"about":[{"href":"https:\/\/satam.it\/sito\/wp-json\/wp\/v2\/types\/post"}],"author":[{"embeddable":true,"href":"https:\/\/satam.it\/sito\/wp-json\/wp\/v2\/users\/2"}],"replies":[{"embeddable":true,"href":"https:\/\/satam.it\/sito\/wp-json\/wp\/v2\/comments?post=1006"}],"version-history":[{"count":0,"href":"https:\/\/satam.it\/sito\/wp-json\/wp\/v2\/posts\/1006\/revisions"}],"wp:attachment":[{"href":"https:\/\/satam.it\/sito\/wp-json\/wp\/v2\/media?parent=1006"}],"wp:term":[{"taxonomy":"category","embeddable":true,"href":"https:\/\/satam.it\/sito\/wp-json\/wp\/v2\/categories?post=1006"},{"taxonomy":"post_tag","embeddable":true,"href":"https:\/\/satam.it\/sito\/wp-json\/wp\/v2\/tags?post=1006"}],"curies":[{"name":"wp","href":"https:\/\/api.w.org\/{rel}","templated":true}]}}