{"id":1020,"date":"2013-12-03T16:59:39","date_gmt":"2013-12-03T15:59:39","guid":{"rendered":"https:\/\/www.satam.it\/cms\/?p=1020"},"modified":"2016-04-06T09:31:51","modified_gmt":"2016-04-06T07:31:51","slug":"report-incontro-categoria-assessore-maran-del-27112013","status":"publish","type":"post","link":"https:\/\/satam.it\/sito\/report-incontro-categoria-assessore-maran-del-27112013\/","title":{"rendered":"REPORT INCONTRO CATEGORIA ASSESSORE MARAN DEL 27\/11\/2013"},"content":{"rendered":"<h3>Nella giornata di gioved\u00ec 27 si \u00e8 svolto un incontro tra le Associazioni di Categoria, i Radiotaxi e l&#8217;Amministrazione rappresentata dall&#8217;Assessore Maran, con il seguente ordine del giorno:<\/h3>\n<h3>COLONNINE TAXI<\/h3>\n<h3>Il bando per il nuovo servizio comunale per il dispaccio delle corse, che sostituir\u00e0 le attuali colonnine, dovrebbe essere portato in Giunta entro i prossimi 15 giorni, il bando rester\u00e0 aperto per circa sei mesi, \u00e8 quindi presumibile pensare che per i prossimi 8 \/ 10 mesi si debba continuare con la situazione attuale che definire insostenibile \u00e8 un eufemismo, in quanto Telecom non avendo pi\u00f9 ricambi st\u00e0 canibalizzando le colonnine esistenti, e come se non bastasse l&#8217;Assessore ha comunicato il fallimento dell&#8217;azienda che produceva i badge.<\/h3>\n<h3>Abbiamo quindi chiesto, quantomeno, che venisse disattivata la funzione badge consentendo la risposta con il solo pulsante.<\/h3>\n<h3>VIABILITA&#8217;<\/h3>\n<h3>L&#8217;Assessore ci ha comunicato che l&#8217;imminente riapertura della direttrice Garibaldi Sturzo riproporr\u00e0 la viabilit\u00e0 precedente all&#8217;intervento, a questo punto abbiamo ricordato all&#8217;Assessore che le motivazioni che non avevano permesso di fare una preferenziale nella direttrice Monumentale Nono Cenisio, cio\u00e8 i tratti di forza dei mezzi di superficie, nello specifico i tram, sono venute a cadere in quanto con l&#8217;imminente apertura del nuovo tratto lella linea 5 della metro, la stragrande maggioranza del traffico passeggeri si sarebbe trasferita nel sottosuolo, in quanto la linea 5 ricalca di fatto le linee di superficie.<\/h3>\n<h3>L&#8217;Assessore ha preso atto della nostra proposta e si impegna a valutarla alla luce di quanto da noi riferito.<\/h3>\n<h3>Ci ha comunicato altres\u00ec che l&#8217;ultimazione della preferenziale di viale Abruzzi avverr\u00e0 entro il mese di aprile maggio, che a breve sar\u00e0 allargato il posteggio di Rogoredo e che si far\u00e0 portatore di una richiesta di incontro con CentoStazioni, proprietaria dell&#8217;area antistante la stazione Garibaldi, per sanare una situazione divenuta oramai insostenibile.<\/h3>\n<h3>Ha presentato la volont\u00e0 dell&#8217;Amministrazione di togliere entro l&#8217;estate tutti i &#8220;car sharing&#8221; dalle corsie preferenziali.<\/h3>\n<h3>Abbiamo manifestato all&#8217;Assessore il disappunto per quanto riguarda la presenza delle moto e soprattutto delle biciclette nelle corsie preferenziali, richiesta peraltro pi\u00f9 volte reiterata non solo dai tassisti ma anche da ATM, L&#8217;Assessore ha sostenuto di di aver richiesto la documentazione sul tasso di incidentalit\u00e0 all&#8217;interno delle preferenziali, e di non essere sfavorevole ad una regolamentazione pi\u00f9 stringente.<\/h3>\n<h3>VIABILITA&#8217; EXPO<\/h3>\n<h3>Sulla viabilit\u00e0 EXPO ha presentato, a grandi linee, le modifiche viabilistiche per accesso a EXPO con la creazione di una nuova direttrice Via Eritrea &#8211; Via Stephenson e l&#8217;ingresso da via Dailmer, ma vista la vastit\u00e0 del progetto e l&#8217;esiguo tempo a disposizione abbiamo concordato una giornata di lavori dedicata a quasto aspetto della viabilit\u00e0.<\/h3>\n<h3>SICUREZZA<\/h3>\n<h3>Abbiamo richiesto al Comune di farsi carico del finanziamento delle telecamere di sicurezza a bordo dei taxi, l&#8217;Assessore si \u00e8 dichiarato disponibile a fare un bando che finanzi il 50% del costo, noi abbiamo richiesto almeno il 75% con l&#8217;obbiettivo di dotare tutta la flotta di questo importante strumento di prevenzione.<\/h3>\n<h3>L&#8217;Amministrazione si far\u00e0 carico di capire quali telecamere, anche confrontandosi con la Prefettura, sono omologate e quindi installabili, tenendo presente che, come abbiamo sottolineato nella riunione, hanno una grandissima utilit\u00e0 non solo preventiva riprendendo ci\u00f2 che succede all&#8217;interno del taxi, \u00a0ma anche, come in caso di incidente, di salvaguardia della regolarit\u00e0 della guida, in quanto possono riprendere quanto succede all&#8217;esterno dell&#8217;auto.<\/h3>\n<h3>UBER<\/h3>\n<h3>Presenti alla riunione la Polizia Locale e l&#8217;Avvocatura del Comune, la quale, finalmente, dopo lunga valutazione ritiene che la 21\/92 e soprattutto l&#8217;1 quater cos\u00ec come sono scritti siano leggi dello stato e che quindi il servizio NCC non pu\u00f2 essere inteso come fa UBER, cio\u00e8 totalmente anarchico e deregolamentato, ma anzi debba sottostare, come i taxi, alle regole, pertanto invita la Polizia Locale ad applicare la 21\/92 e l&#8217;1 quater senza remore, supportata in questo anche da alcune sentenze favorevoli ai vigili da parte dei Giudici di Pace.<\/h3>\n<p>&nbsp;<\/p>\n<p>&nbsp;<\/p>\n<p>&nbsp;<\/p>\n","protected":false},"excerpt":{"rendered":"<p>Nella giornata di gioved\u00ec 27 si \u00e8 svolto un incontro tra le Associazioni di Categoria, i Radiotaxi e l&#8217;Amministrazione rappresentata dall&#8217;Assessore Maran, con il seguente ordine del giorno: COLONNINE TAXI Il bando per il nuovo servizio comunale per il dispaccio delle corse, che sostituir\u00e0 le attuali colonnine, dovrebbe essere portato in Giunta entro i prossimi [&hellip;]<\/p>\n","protected":false},"author":2,"featured_media":0,"comment_status":"closed","ping_status":"closed","sticky":false,"template":"","format":"standard","meta":{"_acf_changed":false,"footnotes":""},"categories":[5],"tags":[45,35,43,52,30,32,38,37,51],"class_list":["post-1020","post","type-post","status-publish","format-standard","hentry","category-news","tag-abusivi","tag-auto-ecologiche","tag-comune","tag-ibride","tag-posteggio-taxi","tag-servizio-pubblico","tag-sicurezza","tag-uber","tag-viabilita"],"acf":[],"yoast_head":"<!-- This site is optimized with the Yoast SEO plugin v27.5 - https:\/\/yoast.com\/product\/yoast-seo-wordpress\/ -->\n<title>REPORT INCONTRO CATEGORIA ASSESSORE MARAN DEL 27\/11\/2013 - Satam<\/title>\n<meta name=\"robots\" content=\"index, follow, max-snippet:-1, max-image-preview:large, max-video-preview:-1\" \/>\n<link rel=\"canonical\" href=\"https:\/\/satam.it\/sito\/report-incontro-categoria-assessore-maran-del-27112013\/\" \/>\n<meta property=\"og:locale\" content=\"it_IT\" \/>\n<meta property=\"og:type\" content=\"article\" \/>\n<meta property=\"og:title\" content=\"REPORT INCONTRO CATEGORIA ASSESSORE MARAN DEL 27\/11\/2013 - Satam\" \/>\n<meta property=\"og:description\" content=\"Nella giornata di gioved\u00ec 27 si \u00e8 svolto un incontro tra le Associazioni di Categoria, i Radiotaxi e l&#8217;Amministrazione rappresentata dall&#8217;Assessore Maran, con il seguente ordine del giorno: COLONNINE TAXI Il bando per il nuovo servizio comunale per il dispaccio delle corse, che sostituir\u00e0 le attuali colonnine, dovrebbe essere portato in Giunta entro i prossimi [&hellip;]\" \/>\n<meta property=\"og:url\" content=\"https:\/\/satam.it\/sito\/report-incontro-categoria-assessore-maran-del-27112013\/\" \/>\n<meta property=\"og:site_name\" content=\"Satam\" \/>\n<meta property=\"article:published_time\" content=\"2013-12-03T15:59:39+00:00\" \/>\n<meta property=\"article:modified_time\" content=\"2016-04-06T07:31:51+00:00\" \/>\n<meta name=\"author\" content=\"Emilio Boccalini\" \/>\n<meta name=\"twitter:label1\" content=\"Scritto da\" \/>\n\t<meta name=\"twitter:data1\" content=\"Emilio Boccalini\" \/>\n\t<meta name=\"twitter:label2\" content=\"Tempo di lettura stimato\" \/>\n\t<meta name=\"twitter:data2\" content=\"3 minuti\" \/>\n<script type=\"application\/ld+json\" class=\"yoast-schema-graph\">{\"@context\":\"https:\\\/\\\/schema.org\",\"@graph\":[{\"@type\":\"Article\",\"@id\":\"https:\\\/\\\/satam.it\\\/sito\\\/report-incontro-categoria-assessore-maran-del-27112013\\\/#article\",\"isPartOf\":{\"@id\":\"https:\\\/\\\/satam.it\\\/sito\\\/report-incontro-categoria-assessore-maran-del-27112013\\\/\"},\"author\":{\"name\":\"Emilio Boccalini\",\"@id\":\"https:\\\/\\\/satam.it\\\/sito\\\/#\\\/schema\\\/person\\\/97578874c6a274d321755911562f79a4\"},\"headline\":\"REPORT INCONTRO CATEGORIA ASSESSORE MARAN DEL 27\\\/11\\\/2013\",\"datePublished\":\"2013-12-03T15:59:39+00:00\",\"dateModified\":\"2016-04-06T07:31:51+00:00\",\"mainEntityOfPage\":{\"@id\":\"https:\\\/\\\/satam.it\\\/sito\\\/report-incontro-categoria-assessore-maran-del-27112013\\\/\"},\"wordCount\":651,\"publisher\":{\"@id\":\"https:\\\/\\\/satam.it\\\/sito\\\/#organization\"},\"keywords\":[\"ABUSIVI\",\"auto ecologiche\",\"COMUNE\",\"ibride\",\"posteggio taxi\",\"servizio pubblico\",\"SICUREZZA\",\"UBER\",\"viabilit\u00e0\"],\"articleSection\":[\"Notizie\"],\"inLanguage\":\"it-IT\"},{\"@type\":\"WebPage\",\"@id\":\"https:\\\/\\\/satam.it\\\/sito\\\/report-incontro-categoria-assessore-maran-del-27112013\\\/\",\"url\":\"https:\\\/\\\/satam.it\\\/sito\\\/report-incontro-categoria-assessore-maran-del-27112013\\\/\",\"name\":\"REPORT INCONTRO CATEGORIA ASSESSORE MARAN DEL 27\\\/11\\\/2013 - Satam\",\"isPartOf\":{\"@id\":\"https:\\\/\\\/satam.it\\\/sito\\\/#website\"},\"datePublished\":\"2013-12-03T15:59:39+00:00\",\"dateModified\":\"2016-04-06T07:31:51+00:00\",\"breadcrumb\":{\"@id\":\"https:\\\/\\\/satam.it\\\/sito\\\/report-incontro-categoria-assessore-maran-del-27112013\\\/#breadcrumb\"},\"inLanguage\":\"it-IT\",\"potentialAction\":[{\"@type\":\"ReadAction\",\"target\":[\"https:\\\/\\\/satam.it\\\/sito\\\/report-incontro-categoria-assessore-maran-del-27112013\\\/\"]}]},{\"@type\":\"BreadcrumbList\",\"@id\":\"https:\\\/\\\/satam.it\\\/sito\\\/report-incontro-categoria-assessore-maran-del-27112013\\\/#breadcrumb\",\"itemListElement\":[{\"@type\":\"ListItem\",\"position\":1,\"name\":\"Home\",\"item\":\"https:\\\/\\\/satam.it\\\/sito\\\/\"},{\"@type\":\"ListItem\",\"position\":2,\"name\":\"REPORT INCONTRO CATEGORIA ASSESSORE MARAN DEL 27\\\/11\\\/2013\"}]},{\"@type\":\"WebSite\",\"@id\":\"https:\\\/\\\/satam.it\\\/sito\\\/#website\",\"url\":\"https:\\\/\\\/satam.it\\\/sito\\\/\",\"name\":\"Satam\",\"description\":\"CNA\",\"publisher\":{\"@id\":\"https:\\\/\\\/satam.it\\\/sito\\\/#organization\"},\"potentialAction\":[{\"@type\":\"SearchAction\",\"target\":{\"@type\":\"EntryPoint\",\"urlTemplate\":\"https:\\\/\\\/satam.it\\\/sito\\\/?s={search_term_string}\"},\"query-input\":{\"@type\":\"PropertyValueSpecification\",\"valueRequired\":true,\"valueName\":\"search_term_string\"}}],\"inLanguage\":\"it-IT\"},{\"@type\":\"Organization\",\"@id\":\"https:\\\/\\\/satam.it\\\/sito\\\/#organization\",\"name\":\"Satam\",\"url\":\"https:\\\/\\\/satam.it\\\/sito\\\/\",\"logo\":{\"@type\":\"ImageObject\",\"inLanguage\":\"it-IT\",\"@id\":\"https:\\\/\\\/satam.it\\\/sito\\\/#\\\/schema\\\/logo\\\/image\\\/\",\"url\":\"https:\\\/\\\/satam.it\\\/sito\\\/wp-content\\\/uploads\\\/2021\\\/05\\\/satam-servizi.png\",\"contentUrl\":\"https:\\\/\\\/satam.it\\\/sito\\\/wp-content\\\/uploads\\\/2021\\\/05\\\/satam-servizi.png\",\"width\":350,\"height\":128,\"caption\":\"Satam\"},\"image\":{\"@id\":\"https:\\\/\\\/satam.it\\\/sito\\\/#\\\/schema\\\/logo\\\/image\\\/\"}},{\"@type\":\"Person\",\"@id\":\"https:\\\/\\\/satam.it\\\/sito\\\/#\\\/schema\\\/person\\\/97578874c6a274d321755911562f79a4\",\"name\":\"Emilio Boccalini\",\"image\":{\"@type\":\"ImageObject\",\"inLanguage\":\"it-IT\",\"@id\":\"https:\\\/\\\/secure.gravatar.com\\\/avatar\\\/e48b3ba8d0430bfa553762fe3720121cbdaa53f92d12e8e605ecc93ec6b9d744?s=96&d=mm&r=g\",\"url\":\"https:\\\/\\\/secure.gravatar.com\\\/avatar\\\/e48b3ba8d0430bfa553762fe3720121cbdaa53f92d12e8e605ecc93ec6b9d744?s=96&d=mm&r=g\",\"contentUrl\":\"https:\\\/\\\/secure.gravatar.com\\\/avatar\\\/e48b3ba8d0430bfa553762fe3720121cbdaa53f92d12e8e605ecc93ec6b9d744?s=96&d=mm&r=g\",\"caption\":\"Emilio Boccalini\"},\"sameAs\":[\"https:\\\/\\\/www.satam.it\"],\"url\":\"https:\\\/\\\/satam.it\\\/sito\\\/author\\\/emilio-boccalini\\\/\"}]}<\/script>\n<!-- \/ Yoast SEO plugin. -->","yoast_head_json":{"title":"REPORT INCONTRO CATEGORIA ASSESSORE MARAN DEL 27\/11\/2013 - Satam","robots":{"index":"index","follow":"follow","max-snippet":"max-snippet:-1","max-image-preview":"max-image-preview:large","max-video-preview":"max-video-preview:-1"},"canonical":"https:\/\/satam.it\/sito\/report-incontro-categoria-assessore-maran-del-27112013\/","og_locale":"it_IT","og_type":"article","og_title":"REPORT INCONTRO CATEGORIA ASSESSORE MARAN DEL 27\/11\/2013 - Satam","og_description":"Nella giornata di gioved\u00ec 27 si \u00e8 svolto un incontro tra le Associazioni di Categoria, i Radiotaxi e l&#8217;Amministrazione rappresentata dall&#8217;Assessore Maran, con il seguente ordine del giorno: COLONNINE TAXI Il bando per il nuovo servizio comunale per il dispaccio delle corse, che sostituir\u00e0 le attuali colonnine, dovrebbe essere portato in Giunta entro i prossimi [&hellip;]","og_url":"https:\/\/satam.it\/sito\/report-incontro-categoria-assessore-maran-del-27112013\/","og_site_name":"Satam","article_published_time":"2013-12-03T15:59:39+00:00","article_modified_time":"2016-04-06T07:31:51+00:00","author":"Emilio Boccalini","twitter_misc":{"Scritto da":"Emilio Boccalini","Tempo di lettura stimato":"3 minuti"},"schema":{"@context":"https:\/\/schema.org","@graph":[{"@type":"Article","@id":"https:\/\/satam.it\/sito\/report-incontro-categoria-assessore-maran-del-27112013\/#article","isPartOf":{"@id":"https:\/\/satam.it\/sito\/report-incontro-categoria-assessore-maran-del-27112013\/"},"author":{"name":"Emilio Boccalini","@id":"https:\/\/satam.it\/sito\/#\/schema\/person\/97578874c6a274d321755911562f79a4"},"headline":"REPORT INCONTRO CATEGORIA ASSESSORE MARAN DEL 27\/11\/2013","datePublished":"2013-12-03T15:59:39+00:00","dateModified":"2016-04-06T07:31:51+00:00","mainEntityOfPage":{"@id":"https:\/\/satam.it\/sito\/report-incontro-categoria-assessore-maran-del-27112013\/"},"wordCount":651,"publisher":{"@id":"https:\/\/satam.it\/sito\/#organization"},"keywords":["ABUSIVI","auto ecologiche","COMUNE","ibride","posteggio taxi","servizio pubblico","SICUREZZA","UBER","viabilit\u00e0"],"articleSection":["Notizie"],"inLanguage":"it-IT"},{"@type":"WebPage","@id":"https:\/\/satam.it\/sito\/report-incontro-categoria-assessore-maran-del-27112013\/","url":"https:\/\/satam.it\/sito\/report-incontro-categoria-assessore-maran-del-27112013\/","name":"REPORT INCONTRO CATEGORIA ASSESSORE MARAN DEL 27\/11\/2013 - Satam","isPartOf":{"@id":"https:\/\/satam.it\/sito\/#website"},"datePublished":"2013-12-03T15:59:39+00:00","dateModified":"2016-04-06T07:31:51+00:00","breadcrumb":{"@id":"https:\/\/satam.it\/sito\/report-incontro-categoria-assessore-maran-del-27112013\/#breadcrumb"},"inLanguage":"it-IT","potentialAction":[{"@type":"ReadAction","target":["https:\/\/satam.it\/sito\/report-incontro-categoria-assessore-maran-del-27112013\/"]}]},{"@type":"BreadcrumbList","@id":"https:\/\/satam.it\/sito\/report-incontro-categoria-assessore-maran-del-27112013\/#breadcrumb","itemListElement":[{"@type":"ListItem","position":1,"name":"Home","item":"https:\/\/satam.it\/sito\/"},{"@type":"ListItem","position":2,"name":"REPORT INCONTRO CATEGORIA ASSESSORE MARAN DEL 27\/11\/2013"}]},{"@type":"WebSite","@id":"https:\/\/satam.it\/sito\/#website","url":"https:\/\/satam.it\/sito\/","name":"Satam","description":"CNA","publisher":{"@id":"https:\/\/satam.it\/sito\/#organization"},"potentialAction":[{"@type":"SearchAction","target":{"@type":"EntryPoint","urlTemplate":"https:\/\/satam.it\/sito\/?s={search_term_string}"},"query-input":{"@type":"PropertyValueSpecification","valueRequired":true,"valueName":"search_term_string"}}],"inLanguage":"it-IT"},{"@type":"Organization","@id":"https:\/\/satam.it\/sito\/#organization","name":"Satam","url":"https:\/\/satam.it\/sito\/","logo":{"@type":"ImageObject","inLanguage":"it-IT","@id":"https:\/\/satam.it\/sito\/#\/schema\/logo\/image\/","url":"https:\/\/satam.it\/sito\/wp-content\/uploads\/2021\/05\/satam-servizi.png","contentUrl":"https:\/\/satam.it\/sito\/wp-content\/uploads\/2021\/05\/satam-servizi.png","width":350,"height":128,"caption":"Satam"},"image":{"@id":"https:\/\/satam.it\/sito\/#\/schema\/logo\/image\/"}},{"@type":"Person","@id":"https:\/\/satam.it\/sito\/#\/schema\/person\/97578874c6a274d321755911562f79a4","name":"Emilio Boccalini","image":{"@type":"ImageObject","inLanguage":"it-IT","@id":"https:\/\/secure.gravatar.com\/avatar\/e48b3ba8d0430bfa553762fe3720121cbdaa53f92d12e8e605ecc93ec6b9d744?s=96&d=mm&r=g","url":"https:\/\/secure.gravatar.com\/avatar\/e48b3ba8d0430bfa553762fe3720121cbdaa53f92d12e8e605ecc93ec6b9d744?s=96&d=mm&r=g","contentUrl":"https:\/\/secure.gravatar.com\/avatar\/e48b3ba8d0430bfa553762fe3720121cbdaa53f92d12e8e605ecc93ec6b9d744?s=96&d=mm&r=g","caption":"Emilio Boccalini"},"sameAs":["https:\/\/www.satam.it"],"url":"https:\/\/satam.it\/sito\/author\/emilio-boccalini\/"}]}},"_links":{"self":[{"href":"https:\/\/satam.it\/sito\/wp-json\/wp\/v2\/posts\/1020","targetHints":{"allow":["GET"]}}],"collection":[{"href":"https:\/\/satam.it\/sito\/wp-json\/wp\/v2\/posts"}],"about":[{"href":"https:\/\/satam.it\/sito\/wp-json\/wp\/v2\/types\/post"}],"author":[{"embeddable":true,"href":"https:\/\/satam.it\/sito\/wp-json\/wp\/v2\/users\/2"}],"replies":[{"embeddable":true,"href":"https:\/\/satam.it\/sito\/wp-json\/wp\/v2\/comments?post=1020"}],"version-history":[{"count":0,"href":"https:\/\/satam.it\/sito\/wp-json\/wp\/v2\/posts\/1020\/revisions"}],"wp:attachment":[{"href":"https:\/\/satam.it\/sito\/wp-json\/wp\/v2\/media?parent=1020"}],"wp:term":[{"taxonomy":"category","embeddable":true,"href":"https:\/\/satam.it\/sito\/wp-json\/wp\/v2\/categories?post=1020"},{"taxonomy":"post_tag","embeddable":true,"href":"https:\/\/satam.it\/sito\/wp-json\/wp\/v2\/tags?post=1020"}],"curies":[{"name":"wp","href":"https:\/\/api.w.org\/{rel}","templated":true}]}}