{"id":3282,"date":"2019-04-03T23:13:08","date_gmt":"2019-04-03T21:13:08","guid":{"rendered":"https:\/\/satam.it\/cms\/?p=3282"},"modified":"2019-04-30T18:00:02","modified_gmt":"2019-04-30T16:00:02","slug":"salone-del-mobile-turni-liberi","status":"publish","type":"post","link":"https:\/\/satam.it\/sito\/salone-del-mobile-turni-liberi\/","title":{"rendered":"SALONE del MOBILE 2019 &#8211; turni liberi"},"content":{"rendered":"<p>Anche quest&#8217;anno per il SALONE del MOBILE si sono concordati i TURNI LIBERI con l&#8217; A C di Milano.<\/p>\n<p>Pur dietro una nostra richiesta di attivare nelle giornate iniziali e finale di domenica 14 una liberalizzazione con diritto di PRIMANZA, l&#8217;Amministrazione ha confermato lo schema utilizzato negli ultimi anni con liberalizzazione totale dei turni dal giorno precedente all&#8217;inizio della manifestazione sino al giorno successivo alla chiusura della stessa.&nbsp;<\/p>\n<p>Questa la determina: <a href=\"https:\/\/satam.it\/cms\/wp-content\/uploads\/2019\/04\/2019_turni_este-x-SALONE-MOBILE_aprile_8-14.pdf\">2019_turni_este x SALONE MOBILE_aprile_8-14<\/a>.<\/p>\n<p>a seguire la determina gemella del Comune di Peschiera Borromeo (con valore anche per Segrate) <a href=\"https:\/\/satam.it\/cms\/wp-content\/uploads\/2019\/04\/2019_PESCHIERA_turni_salonMOBILE.pdf\">2019_PESCHIERA_turni_salonMOBILE<\/a><\/p>\n<p>Pertanto si riassume:<\/p>\n<ul>\n<li>nel POLO ESTERNO DI FIERA MILANO a RHO-PERO &gt; si liberalizzano i turni dalle h. 16:00 alle h. 24:00 delle giornate di luned\u00ec 8, marted\u00ec 9, mercoled\u00ec 10, gioved\u00ec 11, venerd\u00ec 12, sabato 13, domenica 14.<\/li>\n<li>nella citt\u00e0 di Milano, ambito urbano, &gt; si liberalizzano i turni dalle h- 8:00 del giorno 8 Aprile (Luned\u00ec) sino alle h. 22:00 del giorno 14 Aprile (Domenica).<\/li>\n<\/ul>\n<p>Buon Salone a tutti.<\/p>\n<p>P.S. : ricordo di visionare i percorsi preferenziali stabiliti con Ente Fiere e Comune di Rho-Pero per accompagnare\/riaccompagnare i visitatori da\/per Milano o altre destinazioni evitando i previsti intasamenti dell&#8217;accesso di oltre 400.000 visitatori. <a href=\"https:\/\/satam.it\/cms\/wp-content\/uploads\/2019\/04\/2019_SALONEdelMOBILE_percorsi-taxi-consigliati.pdf\">2019_SALONEdelMOBILE_percorsi taxi consigliati<\/a>; percorsi consigliati i due tramite autostrada A8 utilizzando l&#8217;uscita R7 (zona Triulza Cargo 6 dell&#8217;EXpo), percorrere il sottopasso giungendo in Fiera &#8211; Porta EST dalla rotonda lato stazione -seguendo indicazioni area carico &#8211; scarico TAXI &#8211; leggermente pi\u00f9 macchinosa l&#8217;uscita dallo stesso percorso, ma efficace.<\/p>\n","protected":false},"excerpt":{"rendered":"<p>Anche quest&#8217;anno per il SALONE del MOBILE si sono concordati i TURNI LIBERI con l&#8217; A C di Milano. Pur dietro una nostra richiesta di attivare nelle giornate iniziali e finale di domenica 14 una liberalizzazione con diritto di PRIMANZA, l&#8217;Amministrazione ha confermato lo schema utilizzato negli ultimi anni con liberalizzazione totale dei turni dal [&hellip;]<\/p>\n","protected":false},"author":7,"featured_media":0,"comment_status":"closed","ping_status":"closed","sticky":false,"template":"","format":"standard","meta":{"_acf_changed":false,"footnotes":""},"categories":[5,33],"tags":[],"class_list":["post-3282","post","type-post","status-publish","format-standard","hentry","category-news","category-turno-libero"],"acf":[],"yoast_head":"<!-- This site is optimized with the Yoast SEO plugin v27.5 - https:\/\/yoast.com\/product\/yoast-seo-wordpress\/ -->\n<title>SALONE del MOBILE 2019 - turni liberi - Satam<\/title>\n<meta name=\"robots\" content=\"index, follow, max-snippet:-1, max-image-preview:large, max-video-preview:-1\" \/>\n<link rel=\"canonical\" href=\"https:\/\/satam.it\/sito\/salone-del-mobile-turni-liberi\/\" \/>\n<meta property=\"og:locale\" content=\"it_IT\" \/>\n<meta property=\"og:type\" content=\"article\" \/>\n<meta property=\"og:title\" content=\"SALONE del MOBILE 2019 - turni liberi - Satam\" \/>\n<meta property=\"og:description\" content=\"Anche quest&#8217;anno per il SALONE del MOBILE si sono concordati i TURNI LIBERI con l&#8217; A C di Milano. Pur dietro una nostra richiesta di attivare nelle giornate iniziali e finale di domenica 14 una liberalizzazione con diritto di PRIMANZA, l&#8217;Amministrazione ha confermato lo schema utilizzato negli ultimi anni con liberalizzazione totale dei turni dal [&hellip;]\" \/>\n<meta property=\"og:url\" content=\"https:\/\/satam.it\/sito\/salone-del-mobile-turni-liberi\/\" \/>\n<meta property=\"og:site_name\" content=\"Satam\" \/>\n<meta property=\"article:published_time\" content=\"2019-04-03T21:13:08+00:00\" \/>\n<meta property=\"article:modified_time\" content=\"2019-04-30T16:00:02+00:00\" \/>\n<meta name=\"author\" content=\"Massimo Pagani\" \/>\n<meta name=\"twitter:label1\" content=\"Scritto da\" \/>\n\t<meta name=\"twitter:data1\" content=\"Massimo Pagani\" \/>\n\t<meta name=\"twitter:label2\" content=\"Tempo di lettura stimato\" \/>\n\t<meta name=\"twitter:data2\" content=\"1 minuto\" \/>\n<script type=\"application\/ld+json\" class=\"yoast-schema-graph\">{\"@context\":\"https:\\\/\\\/schema.org\",\"@graph\":[{\"@type\":\"Article\",\"@id\":\"https:\\\/\\\/satam.it\\\/sito\\\/salone-del-mobile-turni-liberi\\\/#article\",\"isPartOf\":{\"@id\":\"https:\\\/\\\/satam.it\\\/sito\\\/salone-del-mobile-turni-liberi\\\/\"},\"author\":{\"name\":\"Massimo Pagani\",\"@id\":\"https:\\\/\\\/satam.it\\\/sito\\\/#\\\/schema\\\/person\\\/751a4b23aab361a99fcc8a9b04ebde83\"},\"headline\":\"SALONE del MOBILE 2019 &#8211; turni liberi\",\"datePublished\":\"2019-04-03T21:13:08+00:00\",\"dateModified\":\"2019-04-30T16:00:02+00:00\",\"mainEntityOfPage\":{\"@id\":\"https:\\\/\\\/satam.it\\\/sito\\\/salone-del-mobile-turni-liberi\\\/\"},\"wordCount\":250,\"publisher\":{\"@id\":\"https:\\\/\\\/satam.it\\\/sito\\\/#organization\"},\"articleSection\":[\"Notizie\",\"turno libero\"],\"inLanguage\":\"it-IT\"},{\"@type\":\"WebPage\",\"@id\":\"https:\\\/\\\/satam.it\\\/sito\\\/salone-del-mobile-turni-liberi\\\/\",\"url\":\"https:\\\/\\\/satam.it\\\/sito\\\/salone-del-mobile-turni-liberi\\\/\",\"name\":\"SALONE del MOBILE 2019 - turni liberi - Satam\",\"isPartOf\":{\"@id\":\"https:\\\/\\\/satam.it\\\/sito\\\/#website\"},\"datePublished\":\"2019-04-03T21:13:08+00:00\",\"dateModified\":\"2019-04-30T16:00:02+00:00\",\"breadcrumb\":{\"@id\":\"https:\\\/\\\/satam.it\\\/sito\\\/salone-del-mobile-turni-liberi\\\/#breadcrumb\"},\"inLanguage\":\"it-IT\",\"potentialAction\":[{\"@type\":\"ReadAction\",\"target\":[\"https:\\\/\\\/satam.it\\\/sito\\\/salone-del-mobile-turni-liberi\\\/\"]}]},{\"@type\":\"BreadcrumbList\",\"@id\":\"https:\\\/\\\/satam.it\\\/sito\\\/salone-del-mobile-turni-liberi\\\/#breadcrumb\",\"itemListElement\":[{\"@type\":\"ListItem\",\"position\":1,\"name\":\"Home\",\"item\":\"https:\\\/\\\/satam.it\\\/sito\\\/\"},{\"@type\":\"ListItem\",\"position\":2,\"name\":\"SALONE del MOBILE 2019 &#8211; turni liberi\"}]},{\"@type\":\"WebSite\",\"@id\":\"https:\\\/\\\/satam.it\\\/sito\\\/#website\",\"url\":\"https:\\\/\\\/satam.it\\\/sito\\\/\",\"name\":\"Satam\",\"description\":\"CNA\",\"publisher\":{\"@id\":\"https:\\\/\\\/satam.it\\\/sito\\\/#organization\"},\"potentialAction\":[{\"@type\":\"SearchAction\",\"target\":{\"@type\":\"EntryPoint\",\"urlTemplate\":\"https:\\\/\\\/satam.it\\\/sito\\\/?s={search_term_string}\"},\"query-input\":{\"@type\":\"PropertyValueSpecification\",\"valueRequired\":true,\"valueName\":\"search_term_string\"}}],\"inLanguage\":\"it-IT\"},{\"@type\":\"Organization\",\"@id\":\"https:\\\/\\\/satam.it\\\/sito\\\/#organization\",\"name\":\"Satam\",\"url\":\"https:\\\/\\\/satam.it\\\/sito\\\/\",\"logo\":{\"@type\":\"ImageObject\",\"inLanguage\":\"it-IT\",\"@id\":\"https:\\\/\\\/satam.it\\\/sito\\\/#\\\/schema\\\/logo\\\/image\\\/\",\"url\":\"https:\\\/\\\/satam.it\\\/sito\\\/wp-content\\\/uploads\\\/2021\\\/05\\\/satam-servizi.png\",\"contentUrl\":\"https:\\\/\\\/satam.it\\\/sito\\\/wp-content\\\/uploads\\\/2021\\\/05\\\/satam-servizi.png\",\"width\":350,\"height\":128,\"caption\":\"Satam\"},\"image\":{\"@id\":\"https:\\\/\\\/satam.it\\\/sito\\\/#\\\/schema\\\/logo\\\/image\\\/\"}},{\"@type\":\"Person\",\"@id\":\"https:\\\/\\\/satam.it\\\/sito\\\/#\\\/schema\\\/person\\\/751a4b23aab361a99fcc8a9b04ebde83\",\"name\":\"Massimo Pagani\",\"image\":{\"@type\":\"ImageObject\",\"inLanguage\":\"it-IT\",\"@id\":\"https:\\\/\\\/secure.gravatar.com\\\/avatar\\\/23a97d2fa41b39a7065994c0d4872d33cebdb29435f26c1f086591bee12f6998?s=96&d=mm&r=g\",\"url\":\"https:\\\/\\\/secure.gravatar.com\\\/avatar\\\/23a97d2fa41b39a7065994c0d4872d33cebdb29435f26c1f086591bee12f6998?s=96&d=mm&r=g\",\"contentUrl\":\"https:\\\/\\\/secure.gravatar.com\\\/avatar\\\/23a97d2fa41b39a7065994c0d4872d33cebdb29435f26c1f086591bee12f6998?s=96&d=mm&r=g\",\"caption\":\"Massimo Pagani\"},\"sameAs\":[\"http:\\\/\\\/www.satam.it\"],\"url\":\"https:\\\/\\\/satam.it\\\/sito\\\/author\\\/presidente\\\/\"}]}<\/script>\n<!-- \/ Yoast SEO plugin. -->","yoast_head_json":{"title":"SALONE del MOBILE 2019 - turni liberi - Satam","robots":{"index":"index","follow":"follow","max-snippet":"max-snippet:-1","max-image-preview":"max-image-preview:large","max-video-preview":"max-video-preview:-1"},"canonical":"https:\/\/satam.it\/sito\/salone-del-mobile-turni-liberi\/","og_locale":"it_IT","og_type":"article","og_title":"SALONE del MOBILE 2019 - turni liberi - Satam","og_description":"Anche quest&#8217;anno per il SALONE del MOBILE si sono concordati i TURNI LIBERI con l&#8217; A C di Milano. Pur dietro una nostra richiesta di attivare nelle giornate iniziali e finale di domenica 14 una liberalizzazione con diritto di PRIMANZA, l&#8217;Amministrazione ha confermato lo schema utilizzato negli ultimi anni con liberalizzazione totale dei turni dal [&hellip;]","og_url":"https:\/\/satam.it\/sito\/salone-del-mobile-turni-liberi\/","og_site_name":"Satam","article_published_time":"2019-04-03T21:13:08+00:00","article_modified_time":"2019-04-30T16:00:02+00:00","author":"Massimo Pagani","twitter_misc":{"Scritto da":"Massimo Pagani","Tempo di lettura stimato":"1 minuto"},"schema":{"@context":"https:\/\/schema.org","@graph":[{"@type":"Article","@id":"https:\/\/satam.it\/sito\/salone-del-mobile-turni-liberi\/#article","isPartOf":{"@id":"https:\/\/satam.it\/sito\/salone-del-mobile-turni-liberi\/"},"author":{"name":"Massimo Pagani","@id":"https:\/\/satam.it\/sito\/#\/schema\/person\/751a4b23aab361a99fcc8a9b04ebde83"},"headline":"SALONE del MOBILE 2019 &#8211; turni liberi","datePublished":"2019-04-03T21:13:08+00:00","dateModified":"2019-04-30T16:00:02+00:00","mainEntityOfPage":{"@id":"https:\/\/satam.it\/sito\/salone-del-mobile-turni-liberi\/"},"wordCount":250,"publisher":{"@id":"https:\/\/satam.it\/sito\/#organization"},"articleSection":["Notizie","turno libero"],"inLanguage":"it-IT"},{"@type":"WebPage","@id":"https:\/\/satam.it\/sito\/salone-del-mobile-turni-liberi\/","url":"https:\/\/satam.it\/sito\/salone-del-mobile-turni-liberi\/","name":"SALONE del MOBILE 2019 - turni liberi - Satam","isPartOf":{"@id":"https:\/\/satam.it\/sito\/#website"},"datePublished":"2019-04-03T21:13:08+00:00","dateModified":"2019-04-30T16:00:02+00:00","breadcrumb":{"@id":"https:\/\/satam.it\/sito\/salone-del-mobile-turni-liberi\/#breadcrumb"},"inLanguage":"it-IT","potentialAction":[{"@type":"ReadAction","target":["https:\/\/satam.it\/sito\/salone-del-mobile-turni-liberi\/"]}]},{"@type":"BreadcrumbList","@id":"https:\/\/satam.it\/sito\/salone-del-mobile-turni-liberi\/#breadcrumb","itemListElement":[{"@type":"ListItem","position":1,"name":"Home","item":"https:\/\/satam.it\/sito\/"},{"@type":"ListItem","position":2,"name":"SALONE del MOBILE 2019 &#8211; turni liberi"}]},{"@type":"WebSite","@id":"https:\/\/satam.it\/sito\/#website","url":"https:\/\/satam.it\/sito\/","name":"Satam","description":"CNA","publisher":{"@id":"https:\/\/satam.it\/sito\/#organization"},"potentialAction":[{"@type":"SearchAction","target":{"@type":"EntryPoint","urlTemplate":"https:\/\/satam.it\/sito\/?s={search_term_string}"},"query-input":{"@type":"PropertyValueSpecification","valueRequired":true,"valueName":"search_term_string"}}],"inLanguage":"it-IT"},{"@type":"Organization","@id":"https:\/\/satam.it\/sito\/#organization","name":"Satam","url":"https:\/\/satam.it\/sito\/","logo":{"@type":"ImageObject","inLanguage":"it-IT","@id":"https:\/\/satam.it\/sito\/#\/schema\/logo\/image\/","url":"https:\/\/satam.it\/sito\/wp-content\/uploads\/2021\/05\/satam-servizi.png","contentUrl":"https:\/\/satam.it\/sito\/wp-content\/uploads\/2021\/05\/satam-servizi.png","width":350,"height":128,"caption":"Satam"},"image":{"@id":"https:\/\/satam.it\/sito\/#\/schema\/logo\/image\/"}},{"@type":"Person","@id":"https:\/\/satam.it\/sito\/#\/schema\/person\/751a4b23aab361a99fcc8a9b04ebde83","name":"Massimo Pagani","image":{"@type":"ImageObject","inLanguage":"it-IT","@id":"https:\/\/secure.gravatar.com\/avatar\/23a97d2fa41b39a7065994c0d4872d33cebdb29435f26c1f086591bee12f6998?s=96&d=mm&r=g","url":"https:\/\/secure.gravatar.com\/avatar\/23a97d2fa41b39a7065994c0d4872d33cebdb29435f26c1f086591bee12f6998?s=96&d=mm&r=g","contentUrl":"https:\/\/secure.gravatar.com\/avatar\/23a97d2fa41b39a7065994c0d4872d33cebdb29435f26c1f086591bee12f6998?s=96&d=mm&r=g","caption":"Massimo Pagani"},"sameAs":["http:\/\/www.satam.it"],"url":"https:\/\/satam.it\/sito\/author\/presidente\/"}]}},"_links":{"self":[{"href":"https:\/\/satam.it\/sito\/wp-json\/wp\/v2\/posts\/3282","targetHints":{"allow":["GET"]}}],"collection":[{"href":"https:\/\/satam.it\/sito\/wp-json\/wp\/v2\/posts"}],"about":[{"href":"https:\/\/satam.it\/sito\/wp-json\/wp\/v2\/types\/post"}],"author":[{"embeddable":true,"href":"https:\/\/satam.it\/sito\/wp-json\/wp\/v2\/users\/7"}],"replies":[{"embeddable":true,"href":"https:\/\/satam.it\/sito\/wp-json\/wp\/v2\/comments?post=3282"}],"version-history":[{"count":0,"href":"https:\/\/satam.it\/sito\/wp-json\/wp\/v2\/posts\/3282\/revisions"}],"wp:attachment":[{"href":"https:\/\/satam.it\/sito\/wp-json\/wp\/v2\/media?parent=3282"}],"wp:term":[{"taxonomy":"category","embeddable":true,"href":"https:\/\/satam.it\/sito\/wp-json\/wp\/v2\/categories?post=3282"},{"taxonomy":"post_tag","embeddable":true,"href":"https:\/\/satam.it\/sito\/wp-json\/wp\/v2\/tags?post=3282"}],"curies":[{"name":"wp","href":"https:\/\/api.w.org\/{rel}","templated":true}]}}