{"id":3488,"date":"2020-05-16T23:11:04","date_gmt":"2020-05-16T21:11:04","guid":{"rendered":"https:\/\/satam.it\/cms\/?p=3488"},"modified":"2020-06-09T12:54:21","modified_gmt":"2020-06-09T10:54:21","slug":"lassessore-granelli-convoca-la-categoria","status":"publish","type":"post","link":"https:\/\/satam.it\/sito\/lassessore-granelli-convoca-la-categoria\/","title":{"rendered":"L&#8217;assessore Granelli convoca la Categoria"},"content":{"rendered":"<p>Nella giornata di Mercoled\u00ec, l&#8217;assessore Granelli ha convocato la nuova Commissione di Monitoraggio del Comune di Milano<\/p>\n<p>L&#8217;incontro \u00e8 risultato interlocutorio ed \u00e8 servito alle OO.S. per comprendere cosa il Comune \u00e8 disposto a fare per togliere la Categoria dalle nebbie della crisi derivata dal COVID-19.<\/p>\n<p>Altrettanto all&#8217;Assessore e al suo Staff \u00e8 servito per raccogliere le richieste, ma anche le proposte, che i Tassisti avevano portato al tavolo; con l&#8217;obiettivo comune di far ripartire il servizio dopo questa emergenza.<\/p>\n<p>Si prevede un incontro nel breve periodo dove la municipalit\u00e0 dir\u00e0 quali interventi vuole mettere in campo per sostenere un servizio pubblico che mai \u00e8 mancato anche durante la parte pi\u00f9 pericolosa dell&#8217;emergenza, pagata anche con la malattia e, purtroppo, la perdita di alcuni Colleghi in servizio; ma che continua a fare la propria parte al servizio di questa citt\u00e0<\/p>\n<p>questo iol comunicato stilato dalla nostra associazione insieme ad altre con cui si \u00e8 condiviso la proposta di utilizzare i fondi a disposizione della Categoria per l&#8217;ammodernamento del parco macchine per, una volta integrato con nuovi fondi messi dal Comune, distribuire voucher per l&#8217;utilizzo del servizio da parte delle categorie deboli della citt\u00e0. <a href=\"https:\/\/satam.it\/cms\/wp-content\/uploads\/2020\/05\/2020_Comunicato_5.13_risposta-a-dichia-Granelli-in-confere-odierna.pdf.docx\">2020_Comunicato_5.13_risposta a dichia Granelli in confere odierna.pdf<\/a><\/p>\n","protected":false},"excerpt":{"rendered":"<p>Nella giornata di Mercoled\u00ec, l&#8217;assessore Granelli ha convocato la nuova Commissione di Monitoraggio del Comune di Milano L&#8217;incontro \u00e8 risultato interlocutorio ed \u00e8 servito alle OO.S. per comprendere cosa il Comune \u00e8 disposto a fare per togliere la Categoria dalle nebbie della crisi derivata dal COVID-19. Altrettanto all&#8217;Assessore e al suo Staff \u00e8 servito per [&hellip;]<\/p>\n","protected":false},"author":7,"featured_media":0,"comment_status":"closed","ping_status":"closed","sticky":false,"template":"","format":"standard","meta":{"_acf_changed":false,"footnotes":""},"categories":[11,10],"tags":[],"class_list":["post-3488","post","type-post","status-publish","format-standard","hentry","category-associati","category-com"],"acf":[],"yoast_head":"<!-- This site is optimized with the Yoast SEO plugin v27.5 - https:\/\/yoast.com\/product\/yoast-seo-wordpress\/ -->\n<title>L&#039;assessore Granelli convoca la Categoria - Satam<\/title>\n<meta name=\"robots\" content=\"index, follow, max-snippet:-1, max-image-preview:large, max-video-preview:-1\" \/>\n<link rel=\"canonical\" href=\"https:\/\/satam.it\/sito\/lassessore-granelli-convoca-la-categoria\/\" \/>\n<meta property=\"og:locale\" content=\"it_IT\" \/>\n<meta property=\"og:type\" content=\"article\" \/>\n<meta property=\"og:title\" content=\"L&#039;assessore Granelli convoca la Categoria - Satam\" \/>\n<meta property=\"og:description\" content=\"Nella giornata di Mercoled\u00ec, l&#8217;assessore Granelli ha convocato la nuova Commissione di Monitoraggio del Comune di Milano L&#8217;incontro \u00e8 risultato interlocutorio ed \u00e8 servito alle OO.S. per comprendere cosa il Comune \u00e8 disposto a fare per togliere la Categoria dalle nebbie della crisi derivata dal COVID-19. Altrettanto all&#8217;Assessore e al suo Staff \u00e8 servito per [&hellip;]\" \/>\n<meta property=\"og:url\" content=\"https:\/\/satam.it\/sito\/lassessore-granelli-convoca-la-categoria\/\" \/>\n<meta property=\"og:site_name\" content=\"Satam\" \/>\n<meta property=\"article:published_time\" content=\"2020-05-16T21:11:04+00:00\" \/>\n<meta property=\"article:modified_time\" content=\"2020-06-09T10:54:21+00:00\" \/>\n<meta name=\"author\" content=\"Massimo Pagani\" \/>\n<meta name=\"twitter:label1\" content=\"Scritto da\" \/>\n\t<meta name=\"twitter:data1\" content=\"Massimo Pagani\" \/>\n\t<meta name=\"twitter:label2\" content=\"Tempo di lettura stimato\" \/>\n\t<meta name=\"twitter:data2\" content=\"1 minuto\" \/>\n<script type=\"application\/ld+json\" class=\"yoast-schema-graph\">{\"@context\":\"https:\\\/\\\/schema.org\",\"@graph\":[{\"@type\":\"Article\",\"@id\":\"https:\\\/\\\/satam.it\\\/sito\\\/lassessore-granelli-convoca-la-categoria\\\/#article\",\"isPartOf\":{\"@id\":\"https:\\\/\\\/satam.it\\\/sito\\\/lassessore-granelli-convoca-la-categoria\\\/\"},\"author\":{\"name\":\"Massimo Pagani\",\"@id\":\"https:\\\/\\\/satam.it\\\/sito\\\/#\\\/schema\\\/person\\\/751a4b23aab361a99fcc8a9b04ebde83\"},\"headline\":\"L&#8217;assessore Granelli convoca la Categoria\",\"datePublished\":\"2020-05-16T21:11:04+00:00\",\"dateModified\":\"2020-06-09T10:54:21+00:00\",\"mainEntityOfPage\":{\"@id\":\"https:\\\/\\\/satam.it\\\/sito\\\/lassessore-granelli-convoca-la-categoria\\\/\"},\"wordCount\":210,\"publisher\":{\"@id\":\"https:\\\/\\\/satam.it\\\/sito\\\/#organization\"},\"articleSection\":[\"Associati\",\"Comunali\"],\"inLanguage\":\"it-IT\"},{\"@type\":\"WebPage\",\"@id\":\"https:\\\/\\\/satam.it\\\/sito\\\/lassessore-granelli-convoca-la-categoria\\\/\",\"url\":\"https:\\\/\\\/satam.it\\\/sito\\\/lassessore-granelli-convoca-la-categoria\\\/\",\"name\":\"L'assessore Granelli convoca la Categoria - Satam\",\"isPartOf\":{\"@id\":\"https:\\\/\\\/satam.it\\\/sito\\\/#website\"},\"datePublished\":\"2020-05-16T21:11:04+00:00\",\"dateModified\":\"2020-06-09T10:54:21+00:00\",\"breadcrumb\":{\"@id\":\"https:\\\/\\\/satam.it\\\/sito\\\/lassessore-granelli-convoca-la-categoria\\\/#breadcrumb\"},\"inLanguage\":\"it-IT\",\"potentialAction\":[{\"@type\":\"ReadAction\",\"target\":[\"https:\\\/\\\/satam.it\\\/sito\\\/lassessore-granelli-convoca-la-categoria\\\/\"]}]},{\"@type\":\"BreadcrumbList\",\"@id\":\"https:\\\/\\\/satam.it\\\/sito\\\/lassessore-granelli-convoca-la-categoria\\\/#breadcrumb\",\"itemListElement\":[{\"@type\":\"ListItem\",\"position\":1,\"name\":\"Home\",\"item\":\"https:\\\/\\\/satam.it\\\/sito\\\/\"},{\"@type\":\"ListItem\",\"position\":2,\"name\":\"L&#8217;assessore Granelli convoca la Categoria\"}]},{\"@type\":\"WebSite\",\"@id\":\"https:\\\/\\\/satam.it\\\/sito\\\/#website\",\"url\":\"https:\\\/\\\/satam.it\\\/sito\\\/\",\"name\":\"Satam\",\"description\":\"CNA\",\"publisher\":{\"@id\":\"https:\\\/\\\/satam.it\\\/sito\\\/#organization\"},\"potentialAction\":[{\"@type\":\"SearchAction\",\"target\":{\"@type\":\"EntryPoint\",\"urlTemplate\":\"https:\\\/\\\/satam.it\\\/sito\\\/?s={search_term_string}\"},\"query-input\":{\"@type\":\"PropertyValueSpecification\",\"valueRequired\":true,\"valueName\":\"search_term_string\"}}],\"inLanguage\":\"it-IT\"},{\"@type\":\"Organization\",\"@id\":\"https:\\\/\\\/satam.it\\\/sito\\\/#organization\",\"name\":\"Satam\",\"url\":\"https:\\\/\\\/satam.it\\\/sito\\\/\",\"logo\":{\"@type\":\"ImageObject\",\"inLanguage\":\"it-IT\",\"@id\":\"https:\\\/\\\/satam.it\\\/sito\\\/#\\\/schema\\\/logo\\\/image\\\/\",\"url\":\"https:\\\/\\\/satam.it\\\/sito\\\/wp-content\\\/uploads\\\/2021\\\/05\\\/satam-servizi.png\",\"contentUrl\":\"https:\\\/\\\/satam.it\\\/sito\\\/wp-content\\\/uploads\\\/2021\\\/05\\\/satam-servizi.png\",\"width\":350,\"height\":128,\"caption\":\"Satam\"},\"image\":{\"@id\":\"https:\\\/\\\/satam.it\\\/sito\\\/#\\\/schema\\\/logo\\\/image\\\/\"}},{\"@type\":\"Person\",\"@id\":\"https:\\\/\\\/satam.it\\\/sito\\\/#\\\/schema\\\/person\\\/751a4b23aab361a99fcc8a9b04ebde83\",\"name\":\"Massimo Pagani\",\"image\":{\"@type\":\"ImageObject\",\"inLanguage\":\"it-IT\",\"@id\":\"https:\\\/\\\/secure.gravatar.com\\\/avatar\\\/23a97d2fa41b39a7065994c0d4872d33cebdb29435f26c1f086591bee12f6998?s=96&d=mm&r=g\",\"url\":\"https:\\\/\\\/secure.gravatar.com\\\/avatar\\\/23a97d2fa41b39a7065994c0d4872d33cebdb29435f26c1f086591bee12f6998?s=96&d=mm&r=g\",\"contentUrl\":\"https:\\\/\\\/secure.gravatar.com\\\/avatar\\\/23a97d2fa41b39a7065994c0d4872d33cebdb29435f26c1f086591bee12f6998?s=96&d=mm&r=g\",\"caption\":\"Massimo Pagani\"},\"sameAs\":[\"http:\\\/\\\/www.satam.it\"],\"url\":\"https:\\\/\\\/satam.it\\\/sito\\\/author\\\/presidente\\\/\"}]}<\/script>\n<!-- \/ Yoast SEO plugin. -->","yoast_head_json":{"title":"L'assessore Granelli convoca la Categoria - Satam","robots":{"index":"index","follow":"follow","max-snippet":"max-snippet:-1","max-image-preview":"max-image-preview:large","max-video-preview":"max-video-preview:-1"},"canonical":"https:\/\/satam.it\/sito\/lassessore-granelli-convoca-la-categoria\/","og_locale":"it_IT","og_type":"article","og_title":"L'assessore Granelli convoca la Categoria - Satam","og_description":"Nella giornata di Mercoled\u00ec, l&#8217;assessore Granelli ha convocato la nuova Commissione di Monitoraggio del Comune di Milano L&#8217;incontro \u00e8 risultato interlocutorio ed \u00e8 servito alle OO.S. per comprendere cosa il Comune \u00e8 disposto a fare per togliere la Categoria dalle nebbie della crisi derivata dal COVID-19. Altrettanto all&#8217;Assessore e al suo Staff \u00e8 servito per [&hellip;]","og_url":"https:\/\/satam.it\/sito\/lassessore-granelli-convoca-la-categoria\/","og_site_name":"Satam","article_published_time":"2020-05-16T21:11:04+00:00","article_modified_time":"2020-06-09T10:54:21+00:00","author":"Massimo Pagani","twitter_misc":{"Scritto da":"Massimo Pagani","Tempo di lettura stimato":"1 minuto"},"schema":{"@context":"https:\/\/schema.org","@graph":[{"@type":"Article","@id":"https:\/\/satam.it\/sito\/lassessore-granelli-convoca-la-categoria\/#article","isPartOf":{"@id":"https:\/\/satam.it\/sito\/lassessore-granelli-convoca-la-categoria\/"},"author":{"name":"Massimo Pagani","@id":"https:\/\/satam.it\/sito\/#\/schema\/person\/751a4b23aab361a99fcc8a9b04ebde83"},"headline":"L&#8217;assessore Granelli convoca la Categoria","datePublished":"2020-05-16T21:11:04+00:00","dateModified":"2020-06-09T10:54:21+00:00","mainEntityOfPage":{"@id":"https:\/\/satam.it\/sito\/lassessore-granelli-convoca-la-categoria\/"},"wordCount":210,"publisher":{"@id":"https:\/\/satam.it\/sito\/#organization"},"articleSection":["Associati","Comunali"],"inLanguage":"it-IT"},{"@type":"WebPage","@id":"https:\/\/satam.it\/sito\/lassessore-granelli-convoca-la-categoria\/","url":"https:\/\/satam.it\/sito\/lassessore-granelli-convoca-la-categoria\/","name":"L'assessore Granelli convoca la Categoria - Satam","isPartOf":{"@id":"https:\/\/satam.it\/sito\/#website"},"datePublished":"2020-05-16T21:11:04+00:00","dateModified":"2020-06-09T10:54:21+00:00","breadcrumb":{"@id":"https:\/\/satam.it\/sito\/lassessore-granelli-convoca-la-categoria\/#breadcrumb"},"inLanguage":"it-IT","potentialAction":[{"@type":"ReadAction","target":["https:\/\/satam.it\/sito\/lassessore-granelli-convoca-la-categoria\/"]}]},{"@type":"BreadcrumbList","@id":"https:\/\/satam.it\/sito\/lassessore-granelli-convoca-la-categoria\/#breadcrumb","itemListElement":[{"@type":"ListItem","position":1,"name":"Home","item":"https:\/\/satam.it\/sito\/"},{"@type":"ListItem","position":2,"name":"L&#8217;assessore Granelli convoca la Categoria"}]},{"@type":"WebSite","@id":"https:\/\/satam.it\/sito\/#website","url":"https:\/\/satam.it\/sito\/","name":"Satam","description":"CNA","publisher":{"@id":"https:\/\/satam.it\/sito\/#organization"},"potentialAction":[{"@type":"SearchAction","target":{"@type":"EntryPoint","urlTemplate":"https:\/\/satam.it\/sito\/?s={search_term_string}"},"query-input":{"@type":"PropertyValueSpecification","valueRequired":true,"valueName":"search_term_string"}}],"inLanguage":"it-IT"},{"@type":"Organization","@id":"https:\/\/satam.it\/sito\/#organization","name":"Satam","url":"https:\/\/satam.it\/sito\/","logo":{"@type":"ImageObject","inLanguage":"it-IT","@id":"https:\/\/satam.it\/sito\/#\/schema\/logo\/image\/","url":"https:\/\/satam.it\/sito\/wp-content\/uploads\/2021\/05\/satam-servizi.png","contentUrl":"https:\/\/satam.it\/sito\/wp-content\/uploads\/2021\/05\/satam-servizi.png","width":350,"height":128,"caption":"Satam"},"image":{"@id":"https:\/\/satam.it\/sito\/#\/schema\/logo\/image\/"}},{"@type":"Person","@id":"https:\/\/satam.it\/sito\/#\/schema\/person\/751a4b23aab361a99fcc8a9b04ebde83","name":"Massimo Pagani","image":{"@type":"ImageObject","inLanguage":"it-IT","@id":"https:\/\/secure.gravatar.com\/avatar\/23a97d2fa41b39a7065994c0d4872d33cebdb29435f26c1f086591bee12f6998?s=96&d=mm&r=g","url":"https:\/\/secure.gravatar.com\/avatar\/23a97d2fa41b39a7065994c0d4872d33cebdb29435f26c1f086591bee12f6998?s=96&d=mm&r=g","contentUrl":"https:\/\/secure.gravatar.com\/avatar\/23a97d2fa41b39a7065994c0d4872d33cebdb29435f26c1f086591bee12f6998?s=96&d=mm&r=g","caption":"Massimo Pagani"},"sameAs":["http:\/\/www.satam.it"],"url":"https:\/\/satam.it\/sito\/author\/presidente\/"}]}},"_links":{"self":[{"href":"https:\/\/satam.it\/sito\/wp-json\/wp\/v2\/posts\/3488","targetHints":{"allow":["GET"]}}],"collection":[{"href":"https:\/\/satam.it\/sito\/wp-json\/wp\/v2\/posts"}],"about":[{"href":"https:\/\/satam.it\/sito\/wp-json\/wp\/v2\/types\/post"}],"author":[{"embeddable":true,"href":"https:\/\/satam.it\/sito\/wp-json\/wp\/v2\/users\/7"}],"replies":[{"embeddable":true,"href":"https:\/\/satam.it\/sito\/wp-json\/wp\/v2\/comments?post=3488"}],"version-history":[{"count":0,"href":"https:\/\/satam.it\/sito\/wp-json\/wp\/v2\/posts\/3488\/revisions"}],"wp:attachment":[{"href":"https:\/\/satam.it\/sito\/wp-json\/wp\/v2\/media?parent=3488"}],"wp:term":[{"taxonomy":"category","embeddable":true,"href":"https:\/\/satam.it\/sito\/wp-json\/wp\/v2\/categories?post=3488"},{"taxonomy":"post_tag","embeddable":true,"href":"https:\/\/satam.it\/sito\/wp-json\/wp\/v2\/tags?post=3488"}],"curies":[{"name":"wp","href":"https:\/\/api.w.org\/{rel}","templated":true}]}}