{"id":3568,"date":"2021-10-14T18:49:19","date_gmt":"2021-10-14T16:49:19","guid":{"rendered":"https:\/\/satam.it\/cms\/?p=3568"},"modified":"2021-10-14T18:52:40","modified_gmt":"2021-10-14T16:52:40","slug":"contributo-regionale-si-lombardia-sostegno-alle-imprese-istruzioni","status":"publish","type":"post","link":"https:\/\/satam.it\/sito\/contributo-regionale-si-lombardia-sostegno-alle-imprese-istruzioni\/","title":{"rendered":"contributo Regionale &#8211; SI Lombardia &#8211; Sostegno alle Imprese &#8211; ISTRUZIONI"},"content":{"rendered":"<p>La Regione Lombardia ha stanziato 7,5 milioni di euro per le Categoria TAXI, NCC, Bus Turistici e Benzinai. Questi verranno assegnati tramite un Bando che vedr\u00e0 la presentazione delle domande da luned\u00ec 23 novembre c.a. a venerd\u00ec 27; praticamente una corsa a chi arriva primo visto l&#8217;insufficienza dello stanziamento.<\/p>\n<p>Non potendo garantire il risultato sull&#8217;assegnazione del Contributo invitiamo i Colleghi a provare in prima persona a registrarsi sul sito e creare il proprio profilo &#8220;IMPRESA&#8221;&nbsp; seguendo le indicazioni che la Regione stessa mette a disposizione :<\/p>\n<p>luned\u00ec 23, preservandoci di continuare ad assistere tutti gli Associati<\/p>\n<p>che volessero dare mandato alla nostra societ\u00e0 di Servizi<\/p>\n","protected":false},"excerpt":{"rendered":"<p>La Regione Lombardia ha stanziato 7,5 milioni di euro per le Categoria TAXI, NCC, Bus Turistici e Benzinai. Questi verranno assegnati tramite un Bando che vedr\u00e0 la presentazione delle domande da luned\u00ec 23 novembre c.a. a venerd\u00ec 27; praticamente una corsa a chi arriva primo visto l&#8217;insufficienza dello stanziamento. Non potendo garantire il risultato sull&#8217;assegnazione [&hellip;]<\/p>\n","protected":false},"author":7,"featured_media":0,"comment_status":"closed","ping_status":"closed","sticky":false,"template":"","format":"standard","meta":{"_acf_changed":false,"footnotes":""},"categories":[11],"tags":[],"class_list":["post-3568","post","type-post","status-publish","format-standard","hentry","category-associati"],"acf":[],"yoast_head":"<!-- This site is optimized with the Yoast SEO plugin v27.5 - https:\/\/yoast.com\/product\/yoast-seo-wordpress\/ -->\n<title>contributo Regionale - SI Lombardia - Sostegno alle Imprese - ISTRUZIONI - Satam<\/title>\n<meta name=\"robots\" content=\"index, follow, max-snippet:-1, max-image-preview:large, max-video-preview:-1\" \/>\n<link rel=\"canonical\" href=\"https:\/\/satam.it\/sito\/contributo-regionale-si-lombardia-sostegno-alle-imprese-istruzioni\/\" \/>\n<meta property=\"og:locale\" content=\"it_IT\" \/>\n<meta property=\"og:type\" content=\"article\" \/>\n<meta property=\"og:title\" content=\"contributo Regionale - SI Lombardia - Sostegno alle Imprese - ISTRUZIONI - Satam\" \/>\n<meta property=\"og:description\" content=\"La Regione Lombardia ha stanziato 7,5 milioni di euro per le Categoria TAXI, NCC, Bus Turistici e Benzinai. Questi verranno assegnati tramite un Bando che vedr\u00e0 la presentazione delle domande da luned\u00ec 23 novembre c.a. a venerd\u00ec 27; praticamente una corsa a chi arriva primo visto l&#8217;insufficienza dello stanziamento. Non potendo garantire il risultato sull&#8217;assegnazione [&hellip;]\" \/>\n<meta property=\"og:url\" content=\"https:\/\/satam.it\/sito\/contributo-regionale-si-lombardia-sostegno-alle-imprese-istruzioni\/\" \/>\n<meta property=\"og:site_name\" content=\"Satam\" \/>\n<meta property=\"article:published_time\" content=\"2021-10-14T16:49:19+00:00\" \/>\n<meta property=\"article:modified_time\" content=\"2021-10-14T16:52:40+00:00\" \/>\n<meta name=\"author\" content=\"Massimo Pagani\" \/>\n<meta name=\"twitter:label1\" content=\"Scritto da\" \/>\n\t<meta name=\"twitter:data1\" content=\"Massimo Pagani\" \/>\n\t<meta name=\"twitter:label2\" content=\"Tempo di lettura stimato\" \/>\n\t<meta name=\"twitter:data2\" content=\"1 minuto\" \/>\n<script type=\"application\/ld+json\" class=\"yoast-schema-graph\">{\"@context\":\"https:\\\/\\\/schema.org\",\"@graph\":[{\"@type\":\"Article\",\"@id\":\"https:\\\/\\\/satam.it\\\/sito\\\/contributo-regionale-si-lombardia-sostegno-alle-imprese-istruzioni\\\/#article\",\"isPartOf\":{\"@id\":\"https:\\\/\\\/satam.it\\\/sito\\\/contributo-regionale-si-lombardia-sostegno-alle-imprese-istruzioni\\\/\"},\"author\":{\"name\":\"Massimo Pagani\",\"@id\":\"https:\\\/\\\/satam.it\\\/sito\\\/#\\\/schema\\\/person\\\/751a4b23aab361a99fcc8a9b04ebde83\"},\"headline\":\"contributo Regionale &#8211; SI Lombardia &#8211; Sostegno alle Imprese &#8211; ISTRUZIONI\",\"datePublished\":\"2021-10-14T16:49:19+00:00\",\"dateModified\":\"2021-10-14T16:52:40+00:00\",\"mainEntityOfPage\":{\"@id\":\"https:\\\/\\\/satam.it\\\/sito\\\/contributo-regionale-si-lombardia-sostegno-alle-imprese-istruzioni\\\/\"},\"wordCount\":115,\"publisher\":{\"@id\":\"https:\\\/\\\/satam.it\\\/sito\\\/#organization\"},\"articleSection\":[\"Associati\"],\"inLanguage\":\"it-IT\"},{\"@type\":\"WebPage\",\"@id\":\"https:\\\/\\\/satam.it\\\/sito\\\/contributo-regionale-si-lombardia-sostegno-alle-imprese-istruzioni\\\/\",\"url\":\"https:\\\/\\\/satam.it\\\/sito\\\/contributo-regionale-si-lombardia-sostegno-alle-imprese-istruzioni\\\/\",\"name\":\"contributo Regionale - SI Lombardia - Sostegno alle Imprese - ISTRUZIONI - Satam\",\"isPartOf\":{\"@id\":\"https:\\\/\\\/satam.it\\\/sito\\\/#website\"},\"datePublished\":\"2021-10-14T16:49:19+00:00\",\"dateModified\":\"2021-10-14T16:52:40+00:00\",\"breadcrumb\":{\"@id\":\"https:\\\/\\\/satam.it\\\/sito\\\/contributo-regionale-si-lombardia-sostegno-alle-imprese-istruzioni\\\/#breadcrumb\"},\"inLanguage\":\"it-IT\",\"potentialAction\":[{\"@type\":\"ReadAction\",\"target\":[\"https:\\\/\\\/satam.it\\\/sito\\\/contributo-regionale-si-lombardia-sostegno-alle-imprese-istruzioni\\\/\"]}]},{\"@type\":\"BreadcrumbList\",\"@id\":\"https:\\\/\\\/satam.it\\\/sito\\\/contributo-regionale-si-lombardia-sostegno-alle-imprese-istruzioni\\\/#breadcrumb\",\"itemListElement\":[{\"@type\":\"ListItem\",\"position\":1,\"name\":\"Home\",\"item\":\"https:\\\/\\\/satam.it\\\/sito\\\/\"},{\"@type\":\"ListItem\",\"position\":2,\"name\":\"contributo Regionale &#8211; SI Lombardia &#8211; Sostegno alle Imprese &#8211; ISTRUZIONI\"}]},{\"@type\":\"WebSite\",\"@id\":\"https:\\\/\\\/satam.it\\\/sito\\\/#website\",\"url\":\"https:\\\/\\\/satam.it\\\/sito\\\/\",\"name\":\"Satam\",\"description\":\"CNA\",\"publisher\":{\"@id\":\"https:\\\/\\\/satam.it\\\/sito\\\/#organization\"},\"potentialAction\":[{\"@type\":\"SearchAction\",\"target\":{\"@type\":\"EntryPoint\",\"urlTemplate\":\"https:\\\/\\\/satam.it\\\/sito\\\/?s={search_term_string}\"},\"query-input\":{\"@type\":\"PropertyValueSpecification\",\"valueRequired\":true,\"valueName\":\"search_term_string\"}}],\"inLanguage\":\"it-IT\"},{\"@type\":\"Organization\",\"@id\":\"https:\\\/\\\/satam.it\\\/sito\\\/#organization\",\"name\":\"Satam\",\"url\":\"https:\\\/\\\/satam.it\\\/sito\\\/\",\"logo\":{\"@type\":\"ImageObject\",\"inLanguage\":\"it-IT\",\"@id\":\"https:\\\/\\\/satam.it\\\/sito\\\/#\\\/schema\\\/logo\\\/image\\\/\",\"url\":\"https:\\\/\\\/satam.it\\\/sito\\\/wp-content\\\/uploads\\\/2021\\\/05\\\/satam-servizi.png\",\"contentUrl\":\"https:\\\/\\\/satam.it\\\/sito\\\/wp-content\\\/uploads\\\/2021\\\/05\\\/satam-servizi.png\",\"width\":350,\"height\":128,\"caption\":\"Satam\"},\"image\":{\"@id\":\"https:\\\/\\\/satam.it\\\/sito\\\/#\\\/schema\\\/logo\\\/image\\\/\"}},{\"@type\":\"Person\",\"@id\":\"https:\\\/\\\/satam.it\\\/sito\\\/#\\\/schema\\\/person\\\/751a4b23aab361a99fcc8a9b04ebde83\",\"name\":\"Massimo Pagani\",\"image\":{\"@type\":\"ImageObject\",\"inLanguage\":\"it-IT\",\"@id\":\"https:\\\/\\\/secure.gravatar.com\\\/avatar\\\/23a97d2fa41b39a7065994c0d4872d33cebdb29435f26c1f086591bee12f6998?s=96&d=mm&r=g\",\"url\":\"https:\\\/\\\/secure.gravatar.com\\\/avatar\\\/23a97d2fa41b39a7065994c0d4872d33cebdb29435f26c1f086591bee12f6998?s=96&d=mm&r=g\",\"contentUrl\":\"https:\\\/\\\/secure.gravatar.com\\\/avatar\\\/23a97d2fa41b39a7065994c0d4872d33cebdb29435f26c1f086591bee12f6998?s=96&d=mm&r=g\",\"caption\":\"Massimo Pagani\"},\"sameAs\":[\"http:\\\/\\\/www.satam.it\"],\"url\":\"https:\\\/\\\/satam.it\\\/sito\\\/author\\\/presidente\\\/\"}]}<\/script>\n<!-- \/ Yoast SEO plugin. -->","yoast_head_json":{"title":"contributo Regionale - SI Lombardia - Sostegno alle Imprese - ISTRUZIONI - Satam","robots":{"index":"index","follow":"follow","max-snippet":"max-snippet:-1","max-image-preview":"max-image-preview:large","max-video-preview":"max-video-preview:-1"},"canonical":"https:\/\/satam.it\/sito\/contributo-regionale-si-lombardia-sostegno-alle-imprese-istruzioni\/","og_locale":"it_IT","og_type":"article","og_title":"contributo Regionale - SI Lombardia - Sostegno alle Imprese - ISTRUZIONI - Satam","og_description":"La Regione Lombardia ha stanziato 7,5 milioni di euro per le Categoria TAXI, NCC, Bus Turistici e Benzinai. Questi verranno assegnati tramite un Bando che vedr\u00e0 la presentazione delle domande da luned\u00ec 23 novembre c.a. a venerd\u00ec 27; praticamente una corsa a chi arriva primo visto l&#8217;insufficienza dello stanziamento. Non potendo garantire il risultato sull&#8217;assegnazione [&hellip;]","og_url":"https:\/\/satam.it\/sito\/contributo-regionale-si-lombardia-sostegno-alle-imprese-istruzioni\/","og_site_name":"Satam","article_published_time":"2021-10-14T16:49:19+00:00","article_modified_time":"2021-10-14T16:52:40+00:00","author":"Massimo Pagani","twitter_misc":{"Scritto da":"Massimo Pagani","Tempo di lettura stimato":"1 minuto"},"schema":{"@context":"https:\/\/schema.org","@graph":[{"@type":"Article","@id":"https:\/\/satam.it\/sito\/contributo-regionale-si-lombardia-sostegno-alle-imprese-istruzioni\/#article","isPartOf":{"@id":"https:\/\/satam.it\/sito\/contributo-regionale-si-lombardia-sostegno-alle-imprese-istruzioni\/"},"author":{"name":"Massimo Pagani","@id":"https:\/\/satam.it\/sito\/#\/schema\/person\/751a4b23aab361a99fcc8a9b04ebde83"},"headline":"contributo Regionale &#8211; SI Lombardia &#8211; Sostegno alle Imprese &#8211; ISTRUZIONI","datePublished":"2021-10-14T16:49:19+00:00","dateModified":"2021-10-14T16:52:40+00:00","mainEntityOfPage":{"@id":"https:\/\/satam.it\/sito\/contributo-regionale-si-lombardia-sostegno-alle-imprese-istruzioni\/"},"wordCount":115,"publisher":{"@id":"https:\/\/satam.it\/sito\/#organization"},"articleSection":["Associati"],"inLanguage":"it-IT"},{"@type":"WebPage","@id":"https:\/\/satam.it\/sito\/contributo-regionale-si-lombardia-sostegno-alle-imprese-istruzioni\/","url":"https:\/\/satam.it\/sito\/contributo-regionale-si-lombardia-sostegno-alle-imprese-istruzioni\/","name":"contributo Regionale - SI Lombardia - Sostegno alle Imprese - ISTRUZIONI - Satam","isPartOf":{"@id":"https:\/\/satam.it\/sito\/#website"},"datePublished":"2021-10-14T16:49:19+00:00","dateModified":"2021-10-14T16:52:40+00:00","breadcrumb":{"@id":"https:\/\/satam.it\/sito\/contributo-regionale-si-lombardia-sostegno-alle-imprese-istruzioni\/#breadcrumb"},"inLanguage":"it-IT","potentialAction":[{"@type":"ReadAction","target":["https:\/\/satam.it\/sito\/contributo-regionale-si-lombardia-sostegno-alle-imprese-istruzioni\/"]}]},{"@type":"BreadcrumbList","@id":"https:\/\/satam.it\/sito\/contributo-regionale-si-lombardia-sostegno-alle-imprese-istruzioni\/#breadcrumb","itemListElement":[{"@type":"ListItem","position":1,"name":"Home","item":"https:\/\/satam.it\/sito\/"},{"@type":"ListItem","position":2,"name":"contributo Regionale &#8211; SI Lombardia &#8211; Sostegno alle Imprese &#8211; ISTRUZIONI"}]},{"@type":"WebSite","@id":"https:\/\/satam.it\/sito\/#website","url":"https:\/\/satam.it\/sito\/","name":"Satam","description":"CNA","publisher":{"@id":"https:\/\/satam.it\/sito\/#organization"},"potentialAction":[{"@type":"SearchAction","target":{"@type":"EntryPoint","urlTemplate":"https:\/\/satam.it\/sito\/?s={search_term_string}"},"query-input":{"@type":"PropertyValueSpecification","valueRequired":true,"valueName":"search_term_string"}}],"inLanguage":"it-IT"},{"@type":"Organization","@id":"https:\/\/satam.it\/sito\/#organization","name":"Satam","url":"https:\/\/satam.it\/sito\/","logo":{"@type":"ImageObject","inLanguage":"it-IT","@id":"https:\/\/satam.it\/sito\/#\/schema\/logo\/image\/","url":"https:\/\/satam.it\/sito\/wp-content\/uploads\/2021\/05\/satam-servizi.png","contentUrl":"https:\/\/satam.it\/sito\/wp-content\/uploads\/2021\/05\/satam-servizi.png","width":350,"height":128,"caption":"Satam"},"image":{"@id":"https:\/\/satam.it\/sito\/#\/schema\/logo\/image\/"}},{"@type":"Person","@id":"https:\/\/satam.it\/sito\/#\/schema\/person\/751a4b23aab361a99fcc8a9b04ebde83","name":"Massimo Pagani","image":{"@type":"ImageObject","inLanguage":"it-IT","@id":"https:\/\/secure.gravatar.com\/avatar\/23a97d2fa41b39a7065994c0d4872d33cebdb29435f26c1f086591bee12f6998?s=96&d=mm&r=g","url":"https:\/\/secure.gravatar.com\/avatar\/23a97d2fa41b39a7065994c0d4872d33cebdb29435f26c1f086591bee12f6998?s=96&d=mm&r=g","contentUrl":"https:\/\/secure.gravatar.com\/avatar\/23a97d2fa41b39a7065994c0d4872d33cebdb29435f26c1f086591bee12f6998?s=96&d=mm&r=g","caption":"Massimo Pagani"},"sameAs":["http:\/\/www.satam.it"],"url":"https:\/\/satam.it\/sito\/author\/presidente\/"}]}},"_links":{"self":[{"href":"https:\/\/satam.it\/sito\/wp-json\/wp\/v2\/posts\/3568","targetHints":{"allow":["GET"]}}],"collection":[{"href":"https:\/\/satam.it\/sito\/wp-json\/wp\/v2\/posts"}],"about":[{"href":"https:\/\/satam.it\/sito\/wp-json\/wp\/v2\/types\/post"}],"author":[{"embeddable":true,"href":"https:\/\/satam.it\/sito\/wp-json\/wp\/v2\/users\/7"}],"replies":[{"embeddable":true,"href":"https:\/\/satam.it\/sito\/wp-json\/wp\/v2\/comments?post=3568"}],"version-history":[{"count":0,"href":"https:\/\/satam.it\/sito\/wp-json\/wp\/v2\/posts\/3568\/revisions"}],"wp:attachment":[{"href":"https:\/\/satam.it\/sito\/wp-json\/wp\/v2\/media?parent=3568"}],"wp:term":[{"taxonomy":"category","embeddable":true,"href":"https:\/\/satam.it\/sito\/wp-json\/wp\/v2\/categories?post=3568"},{"taxonomy":"post_tag","embeddable":true,"href":"https:\/\/satam.it\/sito\/wp-json\/wp\/v2\/tags?post=3568"}],"curies":[{"name":"wp","href":"https:\/\/api.w.org\/{rel}","templated":true}]}}