{"id":386,"date":"2012-03-19T00:25:59","date_gmt":"2012-03-18T23:25:59","guid":{"rendered":"https:\/\/satam.demo.gianbattista.it\/cms\/?p=386"},"modified":"2012-09-15T15:24:20","modified_gmt":"2012-09-15T13:24:20","slug":"i-dati-dei-tassisti-raffaele-grassi-ora-le-corse-costano-meno-il-traffico-e-diminuito-e-si-viaggia-piu-veloci","status":"publish","type":"post","link":"https:\/\/satam.it\/sito\/i-dati-dei-tassisti-raffaele-grassi-ora-le-corse-costano-meno-il-traffico-e-diminuito-e-si-viaggia-piu-veloci\/","title":{"rendered":"I dati dei tassisti. Raffaele Grassi: &#8220;Ora le corse costano meno, Il traffico \u00e8 diminuito e si viaggia pi\u00f9 veloci&#8221;."},"content":{"rendered":"<p><strong>Raffaele Grassi, presidente del Satam e consigliere comunale deU&#8217;ldv, il caro benzina Incide sul traffico di Milano?<\/strong><\/p>\n<p style=\"text-align: justify;\">&#8220;Le famiglie medie non sostituiscono un litro di latte a un litro di carburante, soprattutto in un momento di forte crisi. Quindi, le macchine si lasciano sempre pi\u00f9 in garage. I 4.855 tassisti milanesi hanno notato una riduzione dei traffico sia in centro, che in periferia, piuttosto che lungo le tangenziali: i taxi si spostano pi\u00f9 velocemente, le corse sono pi\u00f9 brevi e pi\u00f9 economiche\u201d.<\/p>\n<p style=\"text-align: justify;\"><strong>La benzina alle stelle ha quindi modificato le abitudini dei cittadini?<\/strong><\/p>\n<p style=\"text-align: justify;\">&#8220;Si individuano le spese prioritarie e il serbatoio della macchina non sempre lo \u00e8. La benzina \u00e8 un costo esagerato che incide su tutti, in primis, sull&#8217;azienda taxi\u201d.<\/p>\n<p style=\"text-align: justify;\"><strong>Il carobenzina porter\u00e0 un aumento del servizio taxi?<\/strong><\/p>\n<p style=\"text-align: justify;\">\u201cE&#8217; un salasso. Sono in corso delle trattative sindacali per rivedere le tariffe dal 1\u00b0 luglio\u201d.<\/p>\n<p style=\"text-align: justify;\"><strong>I tassisti lavorano di pi\u00f9, visto che le corse sono pi\u00f9 convenienti?<\/strong><\/p>\n<p style=\"text-align: justify;\">&#8220;Purtroppo la crescita della domanda non \u00e8 automatica e la crisi induce a preferire i mezzi pubblici, che sono pi\u00f9 economici. II fattrato dei tassisti \u00e8 diminuito, perch\u00e9 il numero di corse \u00e8 sempre lo stesso, ma sono pi\u00f9 veloci e il conto per i clienti \u00e8 pi\u00f9 basso\u201d.<\/p>\n<p style=\"text-align: justify;\"><strong>Prospettive?<\/strong><\/p>\n<p style=\"text-align: justify;\">&#8220;Ci auguriamo che il taxi non sia pi\u00f9 visto come un mezzo d&#8217;elite; con corse pi\u00f9 rapide a causa di una diminuzione delle auto private. Dobbiamo per\u00f2 informarli\u201d.<\/p>\n<p style=\"text-align: justify;\"><strong>Articolo di &#8220;Leggo&#8221;:<\/strong><\/p>\n<p style=\"text-align: justify;\"><a href=\"https:\/\/satam.demo.gianbattista.it\/cms\/wp-content\/uploads\/2012\/08\/Intervista_Leggo.pdf\" target=\"_blank\"><img decoding=\"async\" class=\"alignleft  wp-image-524\" title=\"scarica-pdf\" src=\"https:\/\/satam.demo.gianbattista.it\/cms\/wp-content\/uploads\/2012\/09\/scarica-pdf.png\" alt=\"\" width=\"130\" height=\"45\" \/><\/a><\/p>\n","protected":false},"excerpt":{"rendered":"<p>Raffaele Grassi, presidente del Satam e consigliere comunale deU&#8217;ldv, il caro benzina Incide sul traffico di Milano? &#8220;Le famiglie medie non sostituiscono un litro di latte a un litro di carburante, soprattutto in un momento di forte crisi. Quindi, le macchine si lasciano sempre pi\u00f9 in garage. I 4.855 tassisti milanesi hanno notato una riduzione [&hellip;]<\/p>\n","protected":false},"author":6,"featured_media":0,"comment_status":"open","ping_status":"open","sticky":false,"template":"","format":"standard","meta":{"_acf_changed":false,"footnotes":""},"categories":[5],"tags":[20],"class_list":["post-386","post","type-post","status-publish","format-standard","hentry","category-news","tag-raffaele-grassi"],"acf":[],"yoast_head":"<!-- This site is optimized with the Yoast SEO plugin v27.5 - https:\/\/yoast.com\/product\/yoast-seo-wordpress\/ -->\n<title>I dati dei tassisti. Raffaele Grassi: &quot;Ora le corse costano meno, Il traffico \u00e8 diminuito e si viaggia pi\u00f9 veloci&quot;. - Satam<\/title>\n<meta name=\"robots\" content=\"index, follow, max-snippet:-1, max-image-preview:large, max-video-preview:-1\" \/>\n<link rel=\"canonical\" href=\"https:\/\/satam.it\/sito\/i-dati-dei-tassisti-raffaele-grassi-ora-le-corse-costano-meno-il-traffico-e-diminuito-e-si-viaggia-piu-veloci\/\" \/>\n<meta property=\"og:locale\" content=\"it_IT\" \/>\n<meta property=\"og:type\" content=\"article\" \/>\n<meta property=\"og:title\" content=\"I dati dei tassisti. Raffaele Grassi: &quot;Ora le corse costano meno, Il traffico \u00e8 diminuito e si viaggia pi\u00f9 veloci&quot;. - Satam\" \/>\n<meta property=\"og:description\" content=\"Raffaele Grassi, presidente del Satam e consigliere comunale deU&#8217;ldv, il caro benzina Incide sul traffico di Milano? &#8220;Le famiglie medie non sostituiscono un litro di latte a un litro di carburante, soprattutto in un momento di forte crisi. Quindi, le macchine si lasciano sempre pi\u00f9 in garage. I 4.855 tassisti milanesi hanno notato una riduzione [&hellip;]\" \/>\n<meta property=\"og:url\" content=\"https:\/\/satam.it\/sito\/i-dati-dei-tassisti-raffaele-grassi-ora-le-corse-costano-meno-il-traffico-e-diminuito-e-si-viaggia-piu-veloci\/\" \/>\n<meta property=\"og:site_name\" content=\"Satam\" \/>\n<meta property=\"article:published_time\" content=\"2012-03-18T23:25:59+00:00\" \/>\n<meta property=\"article:modified_time\" content=\"2012-09-15T13:24:20+00:00\" \/>\n<meta property=\"og:image\" content=\"https:\/\/satam.demo.gianbattista.it\/cms\/wp-content\/uploads\/2012\/09\/scarica-pdf.png\" \/>\n<meta name=\"author\" content=\"admin\" \/>\n<meta name=\"twitter:label1\" content=\"Scritto da\" \/>\n\t<meta name=\"twitter:data1\" content=\"admin\" \/>\n\t<meta name=\"twitter:label2\" content=\"Tempo di lettura stimato\" \/>\n\t<meta name=\"twitter:data2\" content=\"1 minuto\" \/>\n<script type=\"application\/ld+json\" class=\"yoast-schema-graph\">{\"@context\":\"https:\\\/\\\/schema.org\",\"@graph\":[{\"@type\":\"Article\",\"@id\":\"https:\\\/\\\/satam.it\\\/sito\\\/i-dati-dei-tassisti-raffaele-grassi-ora-le-corse-costano-meno-il-traffico-e-diminuito-e-si-viaggia-piu-veloci\\\/#article\",\"isPartOf\":{\"@id\":\"https:\\\/\\\/satam.it\\\/sito\\\/i-dati-dei-tassisti-raffaele-grassi-ora-le-corse-costano-meno-il-traffico-e-diminuito-e-si-viaggia-piu-veloci\\\/\"},\"author\":{\"name\":\"admin\",\"@id\":\"https:\\\/\\\/satam.it\\\/sito\\\/#\\\/schema\\\/person\\\/432c8f6c21fe34928250e562581a09ac\"},\"headline\":\"I dati dei tassisti. Raffaele Grassi: &#8220;Ora le corse costano meno, Il traffico \u00e8 diminuito e si viaggia pi\u00f9 veloci&#8221;.\",\"datePublished\":\"2012-03-18T23:25:59+00:00\",\"dateModified\":\"2012-09-15T13:24:20+00:00\",\"mainEntityOfPage\":{\"@id\":\"https:\\\/\\\/satam.it\\\/sito\\\/i-dati-dei-tassisti-raffaele-grassi-ora-le-corse-costano-meno-il-traffico-e-diminuito-e-si-viaggia-piu-veloci\\\/\"},\"wordCount\":252,\"commentCount\":0,\"publisher\":{\"@id\":\"https:\\\/\\\/satam.it\\\/sito\\\/#organization\"},\"image\":{\"@id\":\"https:\\\/\\\/satam.it\\\/sito\\\/i-dati-dei-tassisti-raffaele-grassi-ora-le-corse-costano-meno-il-traffico-e-diminuito-e-si-viaggia-piu-veloci\\\/#primaryimage\"},\"thumbnailUrl\":\"https:\\\/\\\/satam.demo.gianbattista.it\\\/cms\\\/wp-content\\\/uploads\\\/2012\\\/09\\\/scarica-pdf.png\",\"keywords\":[\"Raffaele Grassi\"],\"articleSection\":[\"Notizie\"],\"inLanguage\":\"it-IT\",\"potentialAction\":[{\"@type\":\"CommentAction\",\"name\":\"Comment\",\"target\":[\"https:\\\/\\\/satam.it\\\/sito\\\/i-dati-dei-tassisti-raffaele-grassi-ora-le-corse-costano-meno-il-traffico-e-diminuito-e-si-viaggia-piu-veloci\\\/#respond\"]}]},{\"@type\":\"WebPage\",\"@id\":\"https:\\\/\\\/satam.it\\\/sito\\\/i-dati-dei-tassisti-raffaele-grassi-ora-le-corse-costano-meno-il-traffico-e-diminuito-e-si-viaggia-piu-veloci\\\/\",\"url\":\"https:\\\/\\\/satam.it\\\/sito\\\/i-dati-dei-tassisti-raffaele-grassi-ora-le-corse-costano-meno-il-traffico-e-diminuito-e-si-viaggia-piu-veloci\\\/\",\"name\":\"I dati dei tassisti. Raffaele Grassi: \\\"Ora le corse costano meno, Il traffico \u00e8 diminuito e si viaggia pi\u00f9 veloci\\\". - Satam\",\"isPartOf\":{\"@id\":\"https:\\\/\\\/satam.it\\\/sito\\\/#website\"},\"primaryImageOfPage\":{\"@id\":\"https:\\\/\\\/satam.it\\\/sito\\\/i-dati-dei-tassisti-raffaele-grassi-ora-le-corse-costano-meno-il-traffico-e-diminuito-e-si-viaggia-piu-veloci\\\/#primaryimage\"},\"image\":{\"@id\":\"https:\\\/\\\/satam.it\\\/sito\\\/i-dati-dei-tassisti-raffaele-grassi-ora-le-corse-costano-meno-il-traffico-e-diminuito-e-si-viaggia-piu-veloci\\\/#primaryimage\"},\"thumbnailUrl\":\"https:\\\/\\\/satam.demo.gianbattista.it\\\/cms\\\/wp-content\\\/uploads\\\/2012\\\/09\\\/scarica-pdf.png\",\"datePublished\":\"2012-03-18T23:25:59+00:00\",\"dateModified\":\"2012-09-15T13:24:20+00:00\",\"breadcrumb\":{\"@id\":\"https:\\\/\\\/satam.it\\\/sito\\\/i-dati-dei-tassisti-raffaele-grassi-ora-le-corse-costano-meno-il-traffico-e-diminuito-e-si-viaggia-piu-veloci\\\/#breadcrumb\"},\"inLanguage\":\"it-IT\",\"potentialAction\":[{\"@type\":\"ReadAction\",\"target\":[\"https:\\\/\\\/satam.it\\\/sito\\\/i-dati-dei-tassisti-raffaele-grassi-ora-le-corse-costano-meno-il-traffico-e-diminuito-e-si-viaggia-piu-veloci\\\/\"]}]},{\"@type\":\"ImageObject\",\"inLanguage\":\"it-IT\",\"@id\":\"https:\\\/\\\/satam.it\\\/sito\\\/i-dati-dei-tassisti-raffaele-grassi-ora-le-corse-costano-meno-il-traffico-e-diminuito-e-si-viaggia-piu-veloci\\\/#primaryimage\",\"url\":\"https:\\\/\\\/satam.demo.gianbattista.it\\\/cms\\\/wp-content\\\/uploads\\\/2012\\\/09\\\/scarica-pdf.png\",\"contentUrl\":\"https:\\\/\\\/satam.demo.gianbattista.it\\\/cms\\\/wp-content\\\/uploads\\\/2012\\\/09\\\/scarica-pdf.png\"},{\"@type\":\"BreadcrumbList\",\"@id\":\"https:\\\/\\\/satam.it\\\/sito\\\/i-dati-dei-tassisti-raffaele-grassi-ora-le-corse-costano-meno-il-traffico-e-diminuito-e-si-viaggia-piu-veloci\\\/#breadcrumb\",\"itemListElement\":[{\"@type\":\"ListItem\",\"position\":1,\"name\":\"Home\",\"item\":\"https:\\\/\\\/satam.it\\\/sito\\\/\"},{\"@type\":\"ListItem\",\"position\":2,\"name\":\"I dati dei tassisti. Raffaele Grassi: &#8220;Ora le corse costano meno, Il traffico \u00e8 diminuito e si viaggia pi\u00f9 veloci&#8221;.\"}]},{\"@type\":\"WebSite\",\"@id\":\"https:\\\/\\\/satam.it\\\/sito\\\/#website\",\"url\":\"https:\\\/\\\/satam.it\\\/sito\\\/\",\"name\":\"Satam\",\"description\":\"CNA\",\"publisher\":{\"@id\":\"https:\\\/\\\/satam.it\\\/sito\\\/#organization\"},\"potentialAction\":[{\"@type\":\"SearchAction\",\"target\":{\"@type\":\"EntryPoint\",\"urlTemplate\":\"https:\\\/\\\/satam.it\\\/sito\\\/?s={search_term_string}\"},\"query-input\":{\"@type\":\"PropertyValueSpecification\",\"valueRequired\":true,\"valueName\":\"search_term_string\"}}],\"inLanguage\":\"it-IT\"},{\"@type\":\"Organization\",\"@id\":\"https:\\\/\\\/satam.it\\\/sito\\\/#organization\",\"name\":\"Satam\",\"url\":\"https:\\\/\\\/satam.it\\\/sito\\\/\",\"logo\":{\"@type\":\"ImageObject\",\"inLanguage\":\"it-IT\",\"@id\":\"https:\\\/\\\/satam.it\\\/sito\\\/#\\\/schema\\\/logo\\\/image\\\/\",\"url\":\"https:\\\/\\\/satam.it\\\/sito\\\/wp-content\\\/uploads\\\/2021\\\/05\\\/satam-servizi.png\",\"contentUrl\":\"https:\\\/\\\/satam.it\\\/sito\\\/wp-content\\\/uploads\\\/2021\\\/05\\\/satam-servizi.png\",\"width\":350,\"height\":128,\"caption\":\"Satam\"},\"image\":{\"@id\":\"https:\\\/\\\/satam.it\\\/sito\\\/#\\\/schema\\\/logo\\\/image\\\/\"}},{\"@type\":\"Person\",\"@id\":\"https:\\\/\\\/satam.it\\\/sito\\\/#\\\/schema\\\/person\\\/432c8f6c21fe34928250e562581a09ac\",\"name\":\"admin\",\"image\":{\"@type\":\"ImageObject\",\"inLanguage\":\"it-IT\",\"@id\":\"https:\\\/\\\/secure.gravatar.com\\\/avatar\\\/45d3893641f00408ec632a66b5564e4fb25c27ee94869001b88e63c54a19c81f?s=96&d=mm&r=g\",\"url\":\"https:\\\/\\\/secure.gravatar.com\\\/avatar\\\/45d3893641f00408ec632a66b5564e4fb25c27ee94869001b88e63c54a19c81f?s=96&d=mm&r=g\",\"contentUrl\":\"https:\\\/\\\/secure.gravatar.com\\\/avatar\\\/45d3893641f00408ec632a66b5564e4fb25c27ee94869001b88e63c54a19c81f?s=96&d=mm&r=g\",\"caption\":\"admin\"},\"url\":\"https:\\\/\\\/satam.it\\\/sito\\\/author\\\/admin\\\/\"}]}<\/script>\n<!-- \/ Yoast SEO plugin. -->","yoast_head_json":{"title":"I dati dei tassisti. Raffaele Grassi: \"Ora le corse costano meno, Il traffico \u00e8 diminuito e si viaggia pi\u00f9 veloci\". - Satam","robots":{"index":"index","follow":"follow","max-snippet":"max-snippet:-1","max-image-preview":"max-image-preview:large","max-video-preview":"max-video-preview:-1"},"canonical":"https:\/\/satam.it\/sito\/i-dati-dei-tassisti-raffaele-grassi-ora-le-corse-costano-meno-il-traffico-e-diminuito-e-si-viaggia-piu-veloci\/","og_locale":"it_IT","og_type":"article","og_title":"I dati dei tassisti. Raffaele Grassi: \"Ora le corse costano meno, Il traffico \u00e8 diminuito e si viaggia pi\u00f9 veloci\". - Satam","og_description":"Raffaele Grassi, presidente del Satam e consigliere comunale deU&#8217;ldv, il caro benzina Incide sul traffico di Milano? &#8220;Le famiglie medie non sostituiscono un litro di latte a un litro di carburante, soprattutto in un momento di forte crisi. Quindi, le macchine si lasciano sempre pi\u00f9 in garage. I 4.855 tassisti milanesi hanno notato una riduzione [&hellip;]","og_url":"https:\/\/satam.it\/sito\/i-dati-dei-tassisti-raffaele-grassi-ora-le-corse-costano-meno-il-traffico-e-diminuito-e-si-viaggia-piu-veloci\/","og_site_name":"Satam","article_published_time":"2012-03-18T23:25:59+00:00","article_modified_time":"2012-09-15T13:24:20+00:00","og_image":[{"url":"https:\/\/satam.demo.gianbattista.it\/cms\/wp-content\/uploads\/2012\/09\/scarica-pdf.png","type":"","width":"","height":""}],"author":"admin","twitter_misc":{"Scritto da":"admin","Tempo di lettura stimato":"1 minuto"},"schema":{"@context":"https:\/\/schema.org","@graph":[{"@type":"Article","@id":"https:\/\/satam.it\/sito\/i-dati-dei-tassisti-raffaele-grassi-ora-le-corse-costano-meno-il-traffico-e-diminuito-e-si-viaggia-piu-veloci\/#article","isPartOf":{"@id":"https:\/\/satam.it\/sito\/i-dati-dei-tassisti-raffaele-grassi-ora-le-corse-costano-meno-il-traffico-e-diminuito-e-si-viaggia-piu-veloci\/"},"author":{"name":"admin","@id":"https:\/\/satam.it\/sito\/#\/schema\/person\/432c8f6c21fe34928250e562581a09ac"},"headline":"I dati dei tassisti. Raffaele Grassi: &#8220;Ora le corse costano meno, Il traffico \u00e8 diminuito e si viaggia pi\u00f9 veloci&#8221;.","datePublished":"2012-03-18T23:25:59+00:00","dateModified":"2012-09-15T13:24:20+00:00","mainEntityOfPage":{"@id":"https:\/\/satam.it\/sito\/i-dati-dei-tassisti-raffaele-grassi-ora-le-corse-costano-meno-il-traffico-e-diminuito-e-si-viaggia-piu-veloci\/"},"wordCount":252,"commentCount":0,"publisher":{"@id":"https:\/\/satam.it\/sito\/#organization"},"image":{"@id":"https:\/\/satam.it\/sito\/i-dati-dei-tassisti-raffaele-grassi-ora-le-corse-costano-meno-il-traffico-e-diminuito-e-si-viaggia-piu-veloci\/#primaryimage"},"thumbnailUrl":"https:\/\/satam.demo.gianbattista.it\/cms\/wp-content\/uploads\/2012\/09\/scarica-pdf.png","keywords":["Raffaele Grassi"],"articleSection":["Notizie"],"inLanguage":"it-IT","potentialAction":[{"@type":"CommentAction","name":"Comment","target":["https:\/\/satam.it\/sito\/i-dati-dei-tassisti-raffaele-grassi-ora-le-corse-costano-meno-il-traffico-e-diminuito-e-si-viaggia-piu-veloci\/#respond"]}]},{"@type":"WebPage","@id":"https:\/\/satam.it\/sito\/i-dati-dei-tassisti-raffaele-grassi-ora-le-corse-costano-meno-il-traffico-e-diminuito-e-si-viaggia-piu-veloci\/","url":"https:\/\/satam.it\/sito\/i-dati-dei-tassisti-raffaele-grassi-ora-le-corse-costano-meno-il-traffico-e-diminuito-e-si-viaggia-piu-veloci\/","name":"I dati dei tassisti. Raffaele Grassi: \"Ora le corse costano meno, Il traffico \u00e8 diminuito e si viaggia pi\u00f9 veloci\". - Satam","isPartOf":{"@id":"https:\/\/satam.it\/sito\/#website"},"primaryImageOfPage":{"@id":"https:\/\/satam.it\/sito\/i-dati-dei-tassisti-raffaele-grassi-ora-le-corse-costano-meno-il-traffico-e-diminuito-e-si-viaggia-piu-veloci\/#primaryimage"},"image":{"@id":"https:\/\/satam.it\/sito\/i-dati-dei-tassisti-raffaele-grassi-ora-le-corse-costano-meno-il-traffico-e-diminuito-e-si-viaggia-piu-veloci\/#primaryimage"},"thumbnailUrl":"https:\/\/satam.demo.gianbattista.it\/cms\/wp-content\/uploads\/2012\/09\/scarica-pdf.png","datePublished":"2012-03-18T23:25:59+00:00","dateModified":"2012-09-15T13:24:20+00:00","breadcrumb":{"@id":"https:\/\/satam.it\/sito\/i-dati-dei-tassisti-raffaele-grassi-ora-le-corse-costano-meno-il-traffico-e-diminuito-e-si-viaggia-piu-veloci\/#breadcrumb"},"inLanguage":"it-IT","potentialAction":[{"@type":"ReadAction","target":["https:\/\/satam.it\/sito\/i-dati-dei-tassisti-raffaele-grassi-ora-le-corse-costano-meno-il-traffico-e-diminuito-e-si-viaggia-piu-veloci\/"]}]},{"@type":"ImageObject","inLanguage":"it-IT","@id":"https:\/\/satam.it\/sito\/i-dati-dei-tassisti-raffaele-grassi-ora-le-corse-costano-meno-il-traffico-e-diminuito-e-si-viaggia-piu-veloci\/#primaryimage","url":"https:\/\/satam.demo.gianbattista.it\/cms\/wp-content\/uploads\/2012\/09\/scarica-pdf.png","contentUrl":"https:\/\/satam.demo.gianbattista.it\/cms\/wp-content\/uploads\/2012\/09\/scarica-pdf.png"},{"@type":"BreadcrumbList","@id":"https:\/\/satam.it\/sito\/i-dati-dei-tassisti-raffaele-grassi-ora-le-corse-costano-meno-il-traffico-e-diminuito-e-si-viaggia-piu-veloci\/#breadcrumb","itemListElement":[{"@type":"ListItem","position":1,"name":"Home","item":"https:\/\/satam.it\/sito\/"},{"@type":"ListItem","position":2,"name":"I dati dei tassisti. Raffaele Grassi: &#8220;Ora le corse costano meno, Il traffico \u00e8 diminuito e si viaggia pi\u00f9 veloci&#8221;."}]},{"@type":"WebSite","@id":"https:\/\/satam.it\/sito\/#website","url":"https:\/\/satam.it\/sito\/","name":"Satam","description":"CNA","publisher":{"@id":"https:\/\/satam.it\/sito\/#organization"},"potentialAction":[{"@type":"SearchAction","target":{"@type":"EntryPoint","urlTemplate":"https:\/\/satam.it\/sito\/?s={search_term_string}"},"query-input":{"@type":"PropertyValueSpecification","valueRequired":true,"valueName":"search_term_string"}}],"inLanguage":"it-IT"},{"@type":"Organization","@id":"https:\/\/satam.it\/sito\/#organization","name":"Satam","url":"https:\/\/satam.it\/sito\/","logo":{"@type":"ImageObject","inLanguage":"it-IT","@id":"https:\/\/satam.it\/sito\/#\/schema\/logo\/image\/","url":"https:\/\/satam.it\/sito\/wp-content\/uploads\/2021\/05\/satam-servizi.png","contentUrl":"https:\/\/satam.it\/sito\/wp-content\/uploads\/2021\/05\/satam-servizi.png","width":350,"height":128,"caption":"Satam"},"image":{"@id":"https:\/\/satam.it\/sito\/#\/schema\/logo\/image\/"}},{"@type":"Person","@id":"https:\/\/satam.it\/sito\/#\/schema\/person\/432c8f6c21fe34928250e562581a09ac","name":"admin","image":{"@type":"ImageObject","inLanguage":"it-IT","@id":"https:\/\/secure.gravatar.com\/avatar\/45d3893641f00408ec632a66b5564e4fb25c27ee94869001b88e63c54a19c81f?s=96&d=mm&r=g","url":"https:\/\/secure.gravatar.com\/avatar\/45d3893641f00408ec632a66b5564e4fb25c27ee94869001b88e63c54a19c81f?s=96&d=mm&r=g","contentUrl":"https:\/\/secure.gravatar.com\/avatar\/45d3893641f00408ec632a66b5564e4fb25c27ee94869001b88e63c54a19c81f?s=96&d=mm&r=g","caption":"admin"},"url":"https:\/\/satam.it\/sito\/author\/admin\/"}]}},"_links":{"self":[{"href":"https:\/\/satam.it\/sito\/wp-json\/wp\/v2\/posts\/386","targetHints":{"allow":["GET"]}}],"collection":[{"href":"https:\/\/satam.it\/sito\/wp-json\/wp\/v2\/posts"}],"about":[{"href":"https:\/\/satam.it\/sito\/wp-json\/wp\/v2\/types\/post"}],"author":[{"embeddable":true,"href":"https:\/\/satam.it\/sito\/wp-json\/wp\/v2\/users\/6"}],"replies":[{"embeddable":true,"href":"https:\/\/satam.it\/sito\/wp-json\/wp\/v2\/comments?post=386"}],"version-history":[{"count":0,"href":"https:\/\/satam.it\/sito\/wp-json\/wp\/v2\/posts\/386\/revisions"}],"wp:attachment":[{"href":"https:\/\/satam.it\/sito\/wp-json\/wp\/v2\/media?parent=386"}],"wp:term":[{"taxonomy":"category","embeddable":true,"href":"https:\/\/satam.it\/sito\/wp-json\/wp\/v2\/categories?post=386"},{"taxonomy":"post_tag","embeddable":true,"href":"https:\/\/satam.it\/sito\/wp-json\/wp\/v2\/tags?post=386"}],"curies":[{"name":"wp","href":"https:\/\/api.w.org\/{rel}","templated":true}]}}