{"id":762,"date":"2013-02-28T12:34:27","date_gmt":"2013-02-28T11:34:27","guid":{"rendered":"https:\/\/www.satam.it\/cms\/?p=762"},"modified":"2016-04-06T09:38:50","modified_gmt":"2016-04-06T07:38:50","slug":"contributo-comunale-auto-ecologiche","status":"publish","type":"post","link":"https:\/\/satam.it\/sito\/contributo-comunale-auto-ecologiche\/","title":{"rendered":"CONTRIBUTO COMUNALE AUTO ECOLOGICHE"},"content":{"rendered":"<p align=\"center\"><strong>COMUNICATO<\/strong><\/p>\n<p align=\"center\">\n<div>\n<p><span style=\"color: #3366ff;\"><strong>BANDO DI ASSEGNAZIONE DEI CONTRIBUTI COMUNALI \u00a02012\/2013 PER LA SOSTITUZIONE DELLE AUTOVETTURE DA ADIBIRE AL SERVIZIO TAXI CON VEICOLI ECOLOGICI.<\/strong><\/span><\/p>\n<\/div>\n<p><span style=\"color: #3366ff;\"><strong>\u00a0<\/strong><\/span><\/p>\n<p><strong>1. Oggetto e finalit\u00e0<\/strong><\/p>\n<p>Il Comune di Milano, in attuazione dell\u2019accordo sottoscritto in data 17.11.2006 con gli organismi rappresentativi la categoria dei tassisti, nel quale \u00e8 prevista l\u2019attuazione, tra l\u2019altro, di politiche di incentivazione alla sostituzione delle auto con veicoli ad emissione zero o a basso impatto ambientale, tra cui considerare prioritariamente quelli con alimentazione ibrida, metano o gpl, ha stanziato \u2013 nel bilancio di previsione anno 2013 \u2013 una somma in conto capitale di \u20ac 500.000,00.<\/p>\n<p>&nbsp;<\/p>\n<p><strong>2. Beneficiari del sostegno finanziario<\/strong><\/p>\n<p>Sono destinatari del contributo i soggetti &#8211; compresi gli assegnatari delle licenze destinate al servizio quale \u201ctaxi di scorta\u201d previsto dal vigente Regolamento comunale &#8211; singoli o associati nelle forme previste dall\u2019art. 7 della Legge n. 21\/1992 titolari di licenze per il servizio taxi del Comune di Milano, i quali non potranno usufruire del medesimo contributo sino al decorso di un triennio dall\u2019erogazione del contributo stesso, assumendo come riferimento l\u2019anno di immatricolazione del veicolo ecologico adibito al servizio taxi.<\/p>\n<p>&nbsp;<\/p>\n<p><strong>3. Ambiti di finanziamento<\/strong><\/p>\n<p>Il contributo finanziario <strong>per l\u2019anno 2012 <\/strong>\u00e8 concesso ai soggetti interessati dall\u2019acquisto di veicoli \u2013 nuovi di fabbrica di prima immatricolazione e conformi allo standard Euro 5 o successivi &#8211; aventi le caratteristiche sotto indicate, effettivamente immatricolati <strong><span style=\"text-decoration: underline;\">dal 1.1.2012 sino al 31.12.2012<\/span><\/strong><span style=\"text-decoration: underline;\">:<\/span><\/p>\n<p>&nbsp;<\/p>\n<p><strong>a)\u00a0\u00a0\u00a0\u00a0 <\/strong><strong>autovetture alimentate esclusivamente a trazione elettrica;<\/strong><\/p>\n<p><strong>b) \u00a0\u00a0autovetture alimentate esclusivamente a metano o a Gpl;<\/strong><\/p>\n<p><strong>c) \u00a0\u00a0autovetture alimentate a trazione ibrida elettrica;<\/strong><\/p>\n<p><strong>d) \u00a0\u00a0autovetture con doppia alimentazione benzina\/metano, ovvero diesel\/metano;<\/strong><\/p>\n<p><strong>e) \u00a0\u00a0autovetture con doppia alimentazione benzina\/Gpl, ovvero diesel\/Gpl.<\/strong><\/p>\n<p><strong>\u00a0<\/strong><\/p>\n<div>\n<p><strong>Il contributo \u00e8, altres\u00ec, rilasciato per la trasformazione di veicoli Euro 3 o Euro 4, gi\u00e0 immatricolati come autopubblica, da alimentazione a benzina o diesel ad alimentazione a gas metano o Gpl, avvenuta nell\u2019intervallo temporale sopra richiamato.<\/strong><\/p>\n<\/div>\n<p>&nbsp;<\/p>\n<div>\n<p><strong>Il contributo, infine, \u00e8 rilasciato ai soggetti interessati dall\u2019acquisto di vetture da immettere nel servizio taxi, attrezzate per l\u2019incarrozzamento e trasporto di persone disabili non deambulanti, comunque con alimentazione ibrida, a Gpl, a metano ovvero ogni altra tipologia di autovettura ad emissione zero o a basso impatto ambientale, <span style=\"text-decoration: underline;\">immatricolate nel periodo dall\u20191.1.2013 al 30.9.2013<\/span> e destinato al servizio taxi con licenza rilasciata dal Comune di Milano.<\/strong><\/p>\n<\/div>\n<p><strong><span style=\"text-decoration: underline;\">\u00a0<\/span><\/strong><\/p>\n<div>\n<p><strong><span style=\"text-decoration: underline;\">Il contributo conferibile ad ogni soggetto per la finalit\u00e0 sopra indicata pu\u00f2 essere cumulabile con altri contributi erogati a qualunque titolo da enti pubblici, purch\u00e9 non risulti in contrasto con la normativa vigente in materia, fatta salva l\u2019esclusione di cui al precedente punto 2).<\/span><\/strong><\/p>\n<\/div>\n<p>&nbsp;<\/p>\n<p><strong>4. Entit\u00e0 del contributo e modalit\u00e0 di erogazione<\/strong><\/p>\n<p>Il contributo comunale riferito all\u2019acquisto o trasformazione di veicoli <strong>effettuati nell\u2019anno 2012<\/strong>, sar\u00e0 erogato in misura equa fino ad esaurimento dei fondi disponibili a tutti i richiedenti in possesso dei requisiti previsti dal presente bando. Il contributo riferito a ciascun veicolo sar\u00e0 pari a:<\/p>\n<p>&nbsp;<\/p>\n<p><strong>a. \u20ac 1.500,00=<\/strong> nel caso di acquisto di nuovi veicoli a sola trazione elettrica, ibrida elettrica, Gpl o metano, doppia alimentazione benzina\/metano o diesel\/metano, doppia alimentazione benzina\/Gpl o diesel\/Gpl, destinati alla sostituzione di precedente veicolo alimentato esclusivamente con carburante tradizionale (benzina o diesel);<\/p>\n<p><strong>b. \u20ac 1.000,00=<\/strong> nel caso di acquisto di nuovi veicoli a sola trazione elettrica, ibrida elettrica, Gpl o metano, doppia alimentazione benzina\/metano o diesel\/metano, doppia alimentazione benzina\/Gpl o diesel\/Gpl, destinati alla sostituzione di precedente veicolo avente le stesse caratteristiche;<\/p>\n<p>&nbsp;<\/p>\n<p><strong>c. \u20ac 750,00=<\/strong> in caso di trasformazione a Gpl o metano di veicoli Euro 3 o Euro 4, gi\u00e0 alimentati esclusivamente a benzina o diesel.<\/p>\n<p>&nbsp;<\/p>\n<p><strong>Il contributo comunale riferito all\u2019acquisto di autopubbliche attrezzate per l\u2019incarrozzamento e trasporto di persone disabili non deambulanti sar\u00e0 pari a <span style=\"text-decoration: underline;\">\u20ac 10.000,00<\/span> (Diecimila\/00 \u20ac).<\/strong><\/p>\n<p><strong>\u00a0<\/strong><\/p>\n<p><strong>Tale contributo sar\u00e0 attribuibile, per i veicoli immatricolati dall\u20191.1.2013 al 30.9.2013, ad un massimo <span style=\"text-decoration: underline;\">di 20 titolari di licenza taxi<\/span>, purch\u00e9 si riferisca a veicolo con tutte le caratteristiche tecniche e di alimentazione specificate dal presente bando, destinato al servizio taxi con licenza rilasciata dal Comune di Milano.<\/strong><\/p>\n<p>&nbsp;<\/p>\n<p><strong>5. Caratteristiche tecniche delle autovetture<\/strong><\/p>\n<p>I veicoli oggetto del contributo dovranno possedere tutte le peculiarit\u00e0 prescritte dal Regolamento Comunale vigente al momento della pubblicazione del Bando di gara per le caratteristiche delle autovetture adibite al servizio taxi.<\/p>\n<p>&nbsp;<\/p>\n<p><strong>6. Formazione e approvazione della graduatoria<\/strong><\/p>\n<p>Saranno inserite nella graduatoria solo le domande ritenute ammissibili dalla Commissione appositamente costituita.<\/p>\n<p>Le graduatorie degli aventi diritto, riferite ad ogni singolo anno, saranno stilate dalla Commissione, avuto riguardo alla data di immatricolazione del veicolo ovvero alla data del collaudo tecnico dell\u2019impianto di alimentazione a metano \/ Gpl, in caso di trasformazione, nel senso che verr\u00e0 attribuita una preferenza nella collocazione a chi ha immatricolato o trasformato prima il veicolo, nell\u2019intervallo temporale indicato al punto 3).<\/p>\n<p>Nel caso di parit\u00e0 di data tra pi\u00f9 richiedenti, costituir\u00e0 titolo di precedenza l\u2019ordine cronologico di presentazione della domanda di contributo al protocollo del Comune di Milano.<\/p>\n<p>L\u2019approvazione delle graduatorie, l\u2019assegnazione e la liquidazione del contributo sono effettuate con appositi provvedimenti del Dirigente del Settore Sportello Unico per la Mobilit\u00e0.<\/p>\n<p>&nbsp;<\/p>\n<p><strong>7. Modalit\u00e0 e termini di presentazione della domanda<\/strong><\/p>\n<div>\n<p><strong>La domanda relativa al contributo per l\u2019anno 2012 deve essere presentata al Servizio Autopubbliche del Settore Sportello Unico per la Mobilit\u00e0, Via Messina n. 53 &#8211; Milano <span style=\"text-decoration: underline;\">entro e non oltre il 2 aprile <\/span>2013, pena esclusione della domanda dal contributo.<\/strong><\/p>\n<\/div>\n<p>&nbsp;<\/p>\n<div>\n<p><strong>La domanda relativa al contributo riferito ad acquisti di vetture attrezzate per l\u2019incarrozzamento e trasporto dipersone disabili non deambulanti, comunque con alimentazione ibrida, a Gpl, a metano ovvero ogni altra tipologia di autovettura ad emissione zero o a basso impatto ambientale, immatricolate nel periodo <span style=\"text-decoration: underline;\">dall\u20191.1.2013 al 30.9.2013<\/span>, potr\u00e0 essere presentata tassativamente nel <span style=\"text-decoration: underline;\">periodo 1 \u2013 31 ottobre 2013.<\/span><\/strong><\/p>\n<\/div>\n<p><strong><span style=\"text-decoration: underline;\">\u00a0<\/span><\/strong><\/p>\n<p><strong><span style=\"text-decoration: underline;\">Per maggiori e pi\u00f9 puntuali informazioni, si invitano i nostri soci a rivolgersi agli uffici del Sindacato.<\/span><\/strong><\/p>\n<p><strong>\u00a0<\/strong><\/p>\n<p><strong><span style=\"text-decoration: underline;\">\u00a0<\/span><\/strong><\/p>\n<p><strong>Il Segretario Generale\u00a0\u00a0\u00a0\u00a0\u00a0\u00a0\u00a0\u00a0\u00a0\u00a0\u00a0\u00a0\u00a0\u00a0\u00a0\u00a0\u00a0\u00a0\u00a0\u00a0\u00a0\u00a0\u00a0\u00a0\u00a0\u00a0\u00a0\u00a0\u00a0\u00a0\u00a0\u00a0\u00a0\u00a0\u00a0\u00a0\u00a0\u00a0\u00a0\u00a0\u00a0\u00a0\u00a0\u00a0\u00a0\u00a0\u00a0\u00a0\u00a0\u00a0\u00a0\u00a0\u00a0 \u00a0\u00a0\u00a0\u00a0\u00a0\u00a0\u00a0\u00a0\u00a0 \u00a0\u00a0\u00a0\u00a0\u00a0\u00a0\u00a0\u00a0\u00a0 Il Presidente<\/strong><\/p>\n<p><strong>Nereo Villa\u00a0\u00a0\u00a0\u00a0\u00a0\u00a0\u00a0\u00a0\u00a0\u00a0\u00a0\u00a0\u00a0\u00a0\u00a0\u00a0\u00a0\u00a0\u00a0\u00a0\u00a0\u00a0\u00a0\u00a0\u00a0\u00a0\u00a0\u00a0\u00a0\u00a0\u00a0\u00a0\u00a0\u00a0\u00a0\u00a0\u00a0\u00a0\u00a0\u00a0\u00a0\u00a0\u00a0\u00a0\u00a0\u00a0\u00a0\u00a0\u00a0\u00a0\u00a0\u00a0\u00a0\u00a0\u00a0\u00a0\u00a0\u00a0\u00a0\u00a0\u00a0\u00a0\u00a0\u00a0\u00a0\u00a0\u00a0\u00a0\u00a0\u00a0\u00a0 \u00a0\u00a0\u00a0\u00a0\u00a0\u00a0\u00a0\u00a0\u00a0 \u00a0\u00a0\u00a0\u00a0\u00a0\u00a0\u00a0\u00a0\u00a0 Raffaele Grassi<\/strong><\/p>\n<p><strong><\/strong><\/p>\n<p><strong>\u00a0<\/strong><\/p>\n<p><strong>\u00a0<\/strong><\/p>\n<p><strong>\u00a0<\/strong><\/p>\n<p><strong>\u00a0<\/strong><\/p>\n<p><strong>\u00a0<\/strong><\/p>\n<p><strong>MILANO, 1 MARZO 2013<\/strong><\/p>\n<p><strong>PROT.\u00a0\u00a0 \u00a0\u00a0\u00a0 18\/\/13<\/strong><\/p>\n<p><strong>\u00a0<\/strong><\/p>\n<p align=\"center\">Via Messina, 57 \u2013 20154 Milano \u2013 tel. 02.33.10.62.64 \u2013 fax 02.33.10.64.99 \u2013 e.mail: <a href=\"mailto:satam@satam.it\">satam@satam.it<\/a><\/p>\n<p>&nbsp;<\/p>\n","protected":false},"excerpt":{"rendered":"<p>COMUNICATO BANDO DI ASSEGNAZIONE DEI CONTRIBUTI COMUNALI \u00a02012\/2013 PER LA SOSTITUZIONE DELLE AUTOVETTURE DA ADIBIRE AL SERVIZIO TAXI CON VEICOLI ECOLOGICI. \u00a0 1. Oggetto e finalit\u00e0 Il Comune di Milano, in attuazione dell\u2019accordo sottoscritto in data 17.11.2006 con gli organismi rappresentativi la categoria dei tassisti, nel quale \u00e8 prevista l\u2019attuazione, tra l\u2019altro, di politiche di [&hellip;]<\/p>\n","protected":false},"author":2,"featured_media":0,"comment_status":"closed","ping_status":"closed","sticky":false,"template":"","format":"standard","meta":{"_acf_changed":false,"footnotes":""},"categories":[5],"tags":[35,21,13],"class_list":["post-762","post","type-post","status-publish","format-standard","hentry","category-news","tag-auto-ecologiche","tag-bando","tag-delibera"],"acf":[],"yoast_head":"<!-- This site is optimized with the Yoast SEO plugin v27.5 - https:\/\/yoast.com\/product\/yoast-seo-wordpress\/ -->\n<title>CONTRIBUTO COMUNALE AUTO ECOLOGICHE - Satam<\/title>\n<meta name=\"robots\" content=\"index, follow, max-snippet:-1, max-image-preview:large, max-video-preview:-1\" \/>\n<link rel=\"canonical\" href=\"https:\/\/satam.it\/sito\/contributo-comunale-auto-ecologiche\/\" \/>\n<meta property=\"og:locale\" content=\"it_IT\" \/>\n<meta property=\"og:type\" content=\"article\" \/>\n<meta property=\"og:title\" content=\"CONTRIBUTO COMUNALE AUTO ECOLOGICHE - Satam\" \/>\n<meta property=\"og:description\" content=\"COMUNICATO BANDO DI ASSEGNAZIONE DEI CONTRIBUTI COMUNALI \u00a02012\/2013 PER LA SOSTITUZIONE DELLE AUTOVETTURE DA ADIBIRE AL SERVIZIO TAXI CON VEICOLI ECOLOGICI. \u00a0 1. Oggetto e finalit\u00e0 Il Comune di Milano, in attuazione dell\u2019accordo sottoscritto in data 17.11.2006 con gli organismi rappresentativi la categoria dei tassisti, nel quale \u00e8 prevista l\u2019attuazione, tra l\u2019altro, di politiche di [&hellip;]\" \/>\n<meta property=\"og:url\" content=\"https:\/\/satam.it\/sito\/contributo-comunale-auto-ecologiche\/\" \/>\n<meta property=\"og:site_name\" content=\"Satam\" \/>\n<meta property=\"article:published_time\" content=\"2013-02-28T11:34:27+00:00\" \/>\n<meta property=\"article:modified_time\" content=\"2016-04-06T07:38:50+00:00\" \/>\n<meta name=\"author\" content=\"Emilio Boccalini\" \/>\n<meta name=\"twitter:label1\" content=\"Scritto da\" \/>\n\t<meta name=\"twitter:data1\" content=\"Emilio Boccalini\" \/>\n\t<meta name=\"twitter:label2\" content=\"Tempo di lettura stimato\" \/>\n\t<meta name=\"twitter:data2\" content=\"5 minuti\" \/>\n<script type=\"application\/ld+json\" class=\"yoast-schema-graph\">{\"@context\":\"https:\\\/\\\/schema.org\",\"@graph\":[{\"@type\":\"Article\",\"@id\":\"https:\\\/\\\/satam.it\\\/sito\\\/contributo-comunale-auto-ecologiche\\\/#article\",\"isPartOf\":{\"@id\":\"https:\\\/\\\/satam.it\\\/sito\\\/contributo-comunale-auto-ecologiche\\\/\"},\"author\":{\"name\":\"Emilio Boccalini\",\"@id\":\"https:\\\/\\\/satam.it\\\/sito\\\/#\\\/schema\\\/person\\\/97578874c6a274d321755911562f79a4\"},\"headline\":\"CONTRIBUTO COMUNALE AUTO ECOLOGICHE\",\"datePublished\":\"2013-02-28T11:34:27+00:00\",\"dateModified\":\"2016-04-06T07:38:50+00:00\",\"mainEntityOfPage\":{\"@id\":\"https:\\\/\\\/satam.it\\\/sito\\\/contributo-comunale-auto-ecologiche\\\/\"},\"wordCount\":958,\"publisher\":{\"@id\":\"https:\\\/\\\/satam.it\\\/sito\\\/#organization\"},\"keywords\":[\"auto ecologiche\",\"Bando\",\"Delibera\"],\"articleSection\":[\"Notizie\"],\"inLanguage\":\"it-IT\"},{\"@type\":\"WebPage\",\"@id\":\"https:\\\/\\\/satam.it\\\/sito\\\/contributo-comunale-auto-ecologiche\\\/\",\"url\":\"https:\\\/\\\/satam.it\\\/sito\\\/contributo-comunale-auto-ecologiche\\\/\",\"name\":\"CONTRIBUTO COMUNALE AUTO ECOLOGICHE - Satam\",\"isPartOf\":{\"@id\":\"https:\\\/\\\/satam.it\\\/sito\\\/#website\"},\"datePublished\":\"2013-02-28T11:34:27+00:00\",\"dateModified\":\"2016-04-06T07:38:50+00:00\",\"breadcrumb\":{\"@id\":\"https:\\\/\\\/satam.it\\\/sito\\\/contributo-comunale-auto-ecologiche\\\/#breadcrumb\"},\"inLanguage\":\"it-IT\",\"potentialAction\":[{\"@type\":\"ReadAction\",\"target\":[\"https:\\\/\\\/satam.it\\\/sito\\\/contributo-comunale-auto-ecologiche\\\/\"]}]},{\"@type\":\"BreadcrumbList\",\"@id\":\"https:\\\/\\\/satam.it\\\/sito\\\/contributo-comunale-auto-ecologiche\\\/#breadcrumb\",\"itemListElement\":[{\"@type\":\"ListItem\",\"position\":1,\"name\":\"Home\",\"item\":\"https:\\\/\\\/satam.it\\\/sito\\\/\"},{\"@type\":\"ListItem\",\"position\":2,\"name\":\"CONTRIBUTO COMUNALE AUTO ECOLOGICHE\"}]},{\"@type\":\"WebSite\",\"@id\":\"https:\\\/\\\/satam.it\\\/sito\\\/#website\",\"url\":\"https:\\\/\\\/satam.it\\\/sito\\\/\",\"name\":\"Satam\",\"description\":\"CNA\",\"publisher\":{\"@id\":\"https:\\\/\\\/satam.it\\\/sito\\\/#organization\"},\"potentialAction\":[{\"@type\":\"SearchAction\",\"target\":{\"@type\":\"EntryPoint\",\"urlTemplate\":\"https:\\\/\\\/satam.it\\\/sito\\\/?s={search_term_string}\"},\"query-input\":{\"@type\":\"PropertyValueSpecification\",\"valueRequired\":true,\"valueName\":\"search_term_string\"}}],\"inLanguage\":\"it-IT\"},{\"@type\":\"Organization\",\"@id\":\"https:\\\/\\\/satam.it\\\/sito\\\/#organization\",\"name\":\"Satam\",\"url\":\"https:\\\/\\\/satam.it\\\/sito\\\/\",\"logo\":{\"@type\":\"ImageObject\",\"inLanguage\":\"it-IT\",\"@id\":\"https:\\\/\\\/satam.it\\\/sito\\\/#\\\/schema\\\/logo\\\/image\\\/\",\"url\":\"https:\\\/\\\/satam.it\\\/sito\\\/wp-content\\\/uploads\\\/2021\\\/05\\\/satam-servizi.png\",\"contentUrl\":\"https:\\\/\\\/satam.it\\\/sito\\\/wp-content\\\/uploads\\\/2021\\\/05\\\/satam-servizi.png\",\"width\":350,\"height\":128,\"caption\":\"Satam\"},\"image\":{\"@id\":\"https:\\\/\\\/satam.it\\\/sito\\\/#\\\/schema\\\/logo\\\/image\\\/\"}},{\"@type\":\"Person\",\"@id\":\"https:\\\/\\\/satam.it\\\/sito\\\/#\\\/schema\\\/person\\\/97578874c6a274d321755911562f79a4\",\"name\":\"Emilio Boccalini\",\"image\":{\"@type\":\"ImageObject\",\"inLanguage\":\"it-IT\",\"@id\":\"https:\\\/\\\/secure.gravatar.com\\\/avatar\\\/e48b3ba8d0430bfa553762fe3720121cbdaa53f92d12e8e605ecc93ec6b9d744?s=96&d=mm&r=g\",\"url\":\"https:\\\/\\\/secure.gravatar.com\\\/avatar\\\/e48b3ba8d0430bfa553762fe3720121cbdaa53f92d12e8e605ecc93ec6b9d744?s=96&d=mm&r=g\",\"contentUrl\":\"https:\\\/\\\/secure.gravatar.com\\\/avatar\\\/e48b3ba8d0430bfa553762fe3720121cbdaa53f92d12e8e605ecc93ec6b9d744?s=96&d=mm&r=g\",\"caption\":\"Emilio Boccalini\"},\"sameAs\":[\"https:\\\/\\\/www.satam.it\"],\"url\":\"https:\\\/\\\/satam.it\\\/sito\\\/author\\\/emilio-boccalini\\\/\"}]}<\/script>\n<!-- \/ Yoast SEO plugin. -->","yoast_head_json":{"title":"CONTRIBUTO COMUNALE AUTO ECOLOGICHE - Satam","robots":{"index":"index","follow":"follow","max-snippet":"max-snippet:-1","max-image-preview":"max-image-preview:large","max-video-preview":"max-video-preview:-1"},"canonical":"https:\/\/satam.it\/sito\/contributo-comunale-auto-ecologiche\/","og_locale":"it_IT","og_type":"article","og_title":"CONTRIBUTO COMUNALE AUTO ECOLOGICHE - Satam","og_description":"COMUNICATO BANDO DI ASSEGNAZIONE DEI CONTRIBUTI COMUNALI \u00a02012\/2013 PER LA SOSTITUZIONE DELLE AUTOVETTURE DA ADIBIRE AL SERVIZIO TAXI CON VEICOLI ECOLOGICI. \u00a0 1. Oggetto e finalit\u00e0 Il Comune di Milano, in attuazione dell\u2019accordo sottoscritto in data 17.11.2006 con gli organismi rappresentativi la categoria dei tassisti, nel quale \u00e8 prevista l\u2019attuazione, tra l\u2019altro, di politiche di [&hellip;]","og_url":"https:\/\/satam.it\/sito\/contributo-comunale-auto-ecologiche\/","og_site_name":"Satam","article_published_time":"2013-02-28T11:34:27+00:00","article_modified_time":"2016-04-06T07:38:50+00:00","author":"Emilio Boccalini","twitter_misc":{"Scritto da":"Emilio Boccalini","Tempo di lettura stimato":"5 minuti"},"schema":{"@context":"https:\/\/schema.org","@graph":[{"@type":"Article","@id":"https:\/\/satam.it\/sito\/contributo-comunale-auto-ecologiche\/#article","isPartOf":{"@id":"https:\/\/satam.it\/sito\/contributo-comunale-auto-ecologiche\/"},"author":{"name":"Emilio Boccalini","@id":"https:\/\/satam.it\/sito\/#\/schema\/person\/97578874c6a274d321755911562f79a4"},"headline":"CONTRIBUTO COMUNALE AUTO ECOLOGICHE","datePublished":"2013-02-28T11:34:27+00:00","dateModified":"2016-04-06T07:38:50+00:00","mainEntityOfPage":{"@id":"https:\/\/satam.it\/sito\/contributo-comunale-auto-ecologiche\/"},"wordCount":958,"publisher":{"@id":"https:\/\/satam.it\/sito\/#organization"},"keywords":["auto ecologiche","Bando","Delibera"],"articleSection":["Notizie"],"inLanguage":"it-IT"},{"@type":"WebPage","@id":"https:\/\/satam.it\/sito\/contributo-comunale-auto-ecologiche\/","url":"https:\/\/satam.it\/sito\/contributo-comunale-auto-ecologiche\/","name":"CONTRIBUTO COMUNALE AUTO ECOLOGICHE - Satam","isPartOf":{"@id":"https:\/\/satam.it\/sito\/#website"},"datePublished":"2013-02-28T11:34:27+00:00","dateModified":"2016-04-06T07:38:50+00:00","breadcrumb":{"@id":"https:\/\/satam.it\/sito\/contributo-comunale-auto-ecologiche\/#breadcrumb"},"inLanguage":"it-IT","potentialAction":[{"@type":"ReadAction","target":["https:\/\/satam.it\/sito\/contributo-comunale-auto-ecologiche\/"]}]},{"@type":"BreadcrumbList","@id":"https:\/\/satam.it\/sito\/contributo-comunale-auto-ecologiche\/#breadcrumb","itemListElement":[{"@type":"ListItem","position":1,"name":"Home","item":"https:\/\/satam.it\/sito\/"},{"@type":"ListItem","position":2,"name":"CONTRIBUTO COMUNALE AUTO ECOLOGICHE"}]},{"@type":"WebSite","@id":"https:\/\/satam.it\/sito\/#website","url":"https:\/\/satam.it\/sito\/","name":"Satam","description":"CNA","publisher":{"@id":"https:\/\/satam.it\/sito\/#organization"},"potentialAction":[{"@type":"SearchAction","target":{"@type":"EntryPoint","urlTemplate":"https:\/\/satam.it\/sito\/?s={search_term_string}"},"query-input":{"@type":"PropertyValueSpecification","valueRequired":true,"valueName":"search_term_string"}}],"inLanguage":"it-IT"},{"@type":"Organization","@id":"https:\/\/satam.it\/sito\/#organization","name":"Satam","url":"https:\/\/satam.it\/sito\/","logo":{"@type":"ImageObject","inLanguage":"it-IT","@id":"https:\/\/satam.it\/sito\/#\/schema\/logo\/image\/","url":"https:\/\/satam.it\/sito\/wp-content\/uploads\/2021\/05\/satam-servizi.png","contentUrl":"https:\/\/satam.it\/sito\/wp-content\/uploads\/2021\/05\/satam-servizi.png","width":350,"height":128,"caption":"Satam"},"image":{"@id":"https:\/\/satam.it\/sito\/#\/schema\/logo\/image\/"}},{"@type":"Person","@id":"https:\/\/satam.it\/sito\/#\/schema\/person\/97578874c6a274d321755911562f79a4","name":"Emilio Boccalini","image":{"@type":"ImageObject","inLanguage":"it-IT","@id":"https:\/\/secure.gravatar.com\/avatar\/e48b3ba8d0430bfa553762fe3720121cbdaa53f92d12e8e605ecc93ec6b9d744?s=96&d=mm&r=g","url":"https:\/\/secure.gravatar.com\/avatar\/e48b3ba8d0430bfa553762fe3720121cbdaa53f92d12e8e605ecc93ec6b9d744?s=96&d=mm&r=g","contentUrl":"https:\/\/secure.gravatar.com\/avatar\/e48b3ba8d0430bfa553762fe3720121cbdaa53f92d12e8e605ecc93ec6b9d744?s=96&d=mm&r=g","caption":"Emilio Boccalini"},"sameAs":["https:\/\/www.satam.it"],"url":"https:\/\/satam.it\/sito\/author\/emilio-boccalini\/"}]}},"_links":{"self":[{"href":"https:\/\/satam.it\/sito\/wp-json\/wp\/v2\/posts\/762","targetHints":{"allow":["GET"]}}],"collection":[{"href":"https:\/\/satam.it\/sito\/wp-json\/wp\/v2\/posts"}],"about":[{"href":"https:\/\/satam.it\/sito\/wp-json\/wp\/v2\/types\/post"}],"author":[{"embeddable":true,"href":"https:\/\/satam.it\/sito\/wp-json\/wp\/v2\/users\/2"}],"replies":[{"embeddable":true,"href":"https:\/\/satam.it\/sito\/wp-json\/wp\/v2\/comments?post=762"}],"version-history":[{"count":0,"href":"https:\/\/satam.it\/sito\/wp-json\/wp\/v2\/posts\/762\/revisions"}],"wp:attachment":[{"href":"https:\/\/satam.it\/sito\/wp-json\/wp\/v2\/media?parent=762"}],"wp:term":[{"taxonomy":"category","embeddable":true,"href":"https:\/\/satam.it\/sito\/wp-json\/wp\/v2\/categories?post=762"},{"taxonomy":"post_tag","embeddable":true,"href":"https:\/\/satam.it\/sito\/wp-json\/wp\/v2\/tags?post=762"}],"curies":[{"name":"wp","href":"https:\/\/api.w.org\/{rel}","templated":true}]}}